{"id":994,"date":"2014-11-11T18:45:34","date_gmt":"2014-11-11T17:45:34","guid":{"rendered":"http:\/\/vilafames.org\/?p=994"},"modified":"2016-11-29T16:26:41","modified_gmt":"2016-11-29T15:26:41","slug":"premiats-al-ix-concurs-nacional-de-pintura-rapida-de-vilafames","status":"publish","type":"post","link":"https:\/\/vilafames.org\/es\/premiats-al-ix-concurs-nacional-de-pintura-rapida-de-vilafames\/","title":{"rendered":"Premiados en el IX Concurso Nacional de Pintura R\u00e1pida de Vilafam\u00e9s"},"content":{"rendered":"<p>\n<h3><img decoding=\"async\" class=\"alignright size-medium wp-image-995 lazyload\" data-src=\"https:\/\/vilafames.corvanit.com\/wp-content\/uploads\/cartell_concurs_pintura_2014_si-300x300.jpg\" alt=\"cartell_concurs_pintura_2014_si\" width=\"300\" height=\"300\" data-srcset=\"https:\/\/vilafames.org\/wp-content\/uploads\/cartell_concurs_pintura_2014_si-300x300.jpg 300w, https:\/\/vilafames.org\/wp-content\/uploads\/cartell_concurs_pintura_2014_si-150x150.jpg 150w, https:\/\/vilafames.org\/wp-content\/uploads\/cartell_concurs_pintura_2014_si.jpg 448w\" data-sizes=\"(max-width: 300px) 100vw, 300px\" src=\"data:image\/gif;base64,R0lGODlhAQABAAAAACH5BAEKAAEALAAAAAABAAEAAAICTAEAOw==\" style=\"--smush-placeholder-width: 300px; --smush-placeholder-aspect-ratio: 300\/300;\" \/>De acuerdo a lo establecido en las bases de la convocatoria, se hace p\u00fablico el resultado del IX Concurso Nacional de Pintura R\u00e1pida de Vilafam\u00e9s 2014.<\/h3>\n<p><strong>ANUNCIO EN LA P\u00c1GINA WEB DEL AYUNTAMIENTO DE LA LISTA DE PREMIADOS DEL CONCURSO DE PINTURA R\u00c1PIDA 2014<\/strong><\/p>\n<p>Por Resoluci\u00f3n de Alcald\u00eda 2014-0823 de fecha 10.11.2014, se ha resuelto lo siguiente:<\/p>\n<p><strong>\u00abRESOLUCI\u00d3N DE ALCALD\u00cdA (DECLARACI\u00d3N DE PREMIADOS)<\/strong><\/p>\n<p>Visto que por Resoluci\u00f3n de Alcald\u00eda 2014-752 de fecha 13.10.2014 el Ayuntamiento de Vilafam\u00e9s, con el prop\u00f3sito de fomentar la cultura y las artes pl\u00e1sticas aprob\u00f3 la convocatoria y bases para la celebraci\u00f3n del IX CONCURSO NACIONAL DE PINTURA R\u00c1PIDA DE VILAFAM\u00c9S.<\/p>\n<p>Visto que se emiti\u00f3 informe de Secretar\u00eda-Intervenci\u00f3n sobre la Legislaci\u00f3n aplicable y el procedimiento a seguir.<\/p>\n<p>Visto que se convoc\u00f3 el concurso de pintura y se aprobaron las bases reguladoras del mismo.<\/p>\n<p>Visto que se celebr\u00f3 la valoraci\u00f3n de las obras presentadas por parte del Jurado.<\/p>\n<p>Vista la propuesta de premiados del Jurado calificar.<\/p>\n<p>De conformidad con el art\u00edculo 21.1.s) de la Ley 2\/1985, de 2 de abril, Reguladora de las Bases de R\u00e9gimen Local,<\/p>\n<p><strong>RESUELVO:<\/strong><\/p>\n<p>PRIMERO. Aprobar la relaci\u00f3n de premiados en el IX CONCURSO NACIONAL DE PINTURA R\u00c1PIDA DE VILAFAM\u00c9S que queda fijada en la siguiente:<\/p>\n<p>Primer premio: PASCUAL GIMENO MONTALAR<br \/>\nSegundo premio: ADRI\u00c1N MONPARLER DE LA ENCARNACI\u00d3N<br \/>\nSegundo premio: EMILIO CARDENAS GOMEZ<br \/>\nTercer premio: JOS\u00c9 ANTONIO CAMPOS MART\u00cdN<\/p>\n<p>SEGUNDO. Publicar en la web municipal y redes sociales en que tenga presencia el ayuntamiento el resultado del IX CONCURSO NACIONAL DE PINTURA R\u00c1PIDA DE VILAFAM\u00c9S celebrado en el Municipio.\u00bb<\/p>\n<p>Lo que se hace p\u00fablico, de conformidad con lo dispuesto en la Resoluci\u00f3n de Alcald\u00eda de fecha 10.11.2014<\/p>\n<div id='gallery-2' class='gallery galleryid-994 gallery-columns-3 gallery-size-thumbnail'><figure class='gallery-item'>\n\t\t\t<div class='gallery-icon landscape'>\n\t\t\t\t<a href='https:\/\/vilafames.org\/es\/premiats-al-ix-concurs-nacional-de-pintura-rapida-de-vilafames\/primer_premi_pacual_gimeno\/'><img decoding=\"async\" width=\"150\" height=\"150\" data-src=\"https:\/\/vilafames.org\/wp-content\/uploads\/primer_premi_pacual_gimeno-150x150.jpg\" class=\"attachment-thumbnail size-thumbnail lazyload\" alt=\"\" aria-describedby=\"gallery-2-1000\" src=\"data:image\/gif;base64,R0lGODlhAQABAAAAACH5BAEKAAEALAAAAAABAAEAAAICTAEAOw==\" style=\"--smush-placeholder-width: 150px; --smush-placeholder-aspect-ratio: 150\/150;\" \/><\/a>\n\t\t\t<\/div>\n\t\t\t\t<figcaption class='wp-caption-text gallery-caption' id='gallery-2-1000'>\n\t\t\t\tPrimer Premio &#8211; Pascual Gimeno. \n\t\t\t\t<\/figcaption><\/figure><figure class='gallery-item'>\n\t\t\t<div class='gallery-icon landscape'>\n\t\t\t\t<a href='https:\/\/vilafames.org\/es\/premiats-al-ix-concurs-nacional-de-pintura-rapida-de-vilafames\/segon_premi_adrian_monparler\/'><img decoding=\"async\" width=\"150\" height=\"150\" data-src=\"https:\/\/vilafames.org\/wp-content\/uploads\/segon_premi_adrian_monparler-150x150.jpg\" class=\"attachment-thumbnail size-thumbnail lazyload\" alt=\"\" aria-describedby=\"gallery-2-999\" src=\"data:image\/gif;base64,R0lGODlhAQABAAAAACH5BAEKAAEALAAAAAABAAEAAAICTAEAOw==\" style=\"--smush-placeholder-width: 150px; --smush-placeholder-aspect-ratio: 150\/150;\" \/><\/a>\n\t\t\t<\/div>\n\t\t\t\t<figcaption class='wp-caption-text gallery-caption' id='gallery-2-999'>\n\t\t\t\tSegundo Premio &#8211; Adri\u00e1n Monparler.\n\t\t\t\t<\/figcaption><\/figure><figure class='gallery-item'>\n\t\t\t<div class='gallery-icon landscape'>\n\t\t\t\t<a href='https:\/\/vilafames.org\/es\/premiats-al-ix-concurs-nacional-de-pintura-rapida-de-vilafames\/segon_premi_emilio_cardenas\/'><img decoding=\"async\" width=\"150\" height=\"150\" data-src=\"https:\/\/vilafames.org\/wp-content\/uploads\/segon_premi_emilio_cardenas-150x150.jpg\" class=\"attachment-thumbnail size-thumbnail lazyload\" alt=\"\" aria-describedby=\"gallery-2-998\" src=\"data:image\/gif;base64,R0lGODlhAQABAAAAACH5BAEKAAEALAAAAAABAAEAAAICTAEAOw==\" style=\"--smush-placeholder-width: 150px; --smush-placeholder-aspect-ratio: 150\/150;\" \/><\/a>\n\t\t\t<\/div>\n\t\t\t\t<figcaption class='wp-caption-text gallery-caption' id='gallery-2-998'>\n\t\t\t\tSegundo Premio &#8211; Emilio Cardenas.\n\t\t\t\t<\/figcaption><\/figure><figure class='gallery-item'>\n\t\t\t<div class='gallery-icon landscape'>\n\t\t\t\t<a href='https:\/\/vilafames.org\/es\/premiats-al-ix-concurs-nacional-de-pintura-rapida-de-vilafames\/tercer_premi_jose_a_campos\/'><img decoding=\"async\" width=\"150\" height=\"150\" data-src=\"https:\/\/vilafames.org\/wp-content\/uploads\/tercer_premi_jose_a_campos-150x150.jpg\" class=\"attachment-thumbnail size-thumbnail lazyload\" alt=\"\" aria-describedby=\"gallery-2-997\" src=\"data:image\/gif;base64,R0lGODlhAQABAAAAACH5BAEKAAEALAAAAAABAAEAAAICTAEAOw==\" style=\"--smush-placeholder-width: 150px; --smush-placeholder-aspect-ratio: 150\/150;\" \/><\/a>\n\t\t\t<\/div>\n\t\t\t\t<figcaption class='wp-caption-text gallery-caption' id='gallery-2-997'>\n\t\t\t\tTercer Premio &#8211; Jose A. Campo\n\t\t\t\t<\/figcaption><\/figure>\n\t\t<\/div>","protected":false},"excerpt":{"rendered":"<p>De acuerdo a lo establecido en las bases de la convocatoria, se hace p\u00fablico el resultado del IX Concurso Nacional de Pintura R\u00e1pida de Vilafam\u00e9s 2014. ANUNCIO EN LA P\u00c1GINA WEB DEL AYUNTAMIENTO DE LA LISTA DE PREMIADOS DEL CONCURSO DE PINTURA R\u00c1PIDA 2014 Por Resoluci\u00f3n de Alcald\u00eda 2014-0823 de fecha 10.11.2014, se ha resuelto [&hellip;]<\/p>\n","protected":false},"author":3,"featured_media":0,"comment_status":"open","ping_status":"open","sticky":false,"template":"","format":"standard","meta":{"footnotes":""},"categories":[1],"tags":[],"class_list":["post-994","post","type-post","status-publish","format-standard","hentry","category-noticies"],"yoast_head":"<!-- This site is optimized with the Yoast SEO plugin v24.8.1 - https:\/\/yoast.com\/wordpress\/plugins\/seo\/ -->\n<title>Premiados en el IX Concurso Nacional de Pintura R\u00e1pida de Vilafam\u00e9s - Web de l&#039;Ajuntament de Vilafam\u00e9s<\/title>\n<meta name=\"robots\" content=\"index, follow, max-snippet:-1, max-image-preview:large, max-video-preview:-1\" \/>\n<link rel=\"canonical\" href=\"https:\/\/vilafames.org\/premiats-al-ix-concurs-nacional-de-pintura-rapida-de-vilafames\/\" \/>\n<meta property=\"og:locale\" content=\"es_ES\" \/>\n<meta property=\"og:type\" content=\"article\" \/>\n<meta property=\"og:title\" content=\"[:ca]Premiats al IX Concurs Nacional de Pintura R\u00e0pida de Vilafam\u00e9s[:es]Premiados en el IX Concurso Nacional de Pintura R\u00e1pida de Vilafam\u00e9s[:] - Web de l&#039;Ajuntament de Vilafam\u00e9s\" \/>\n<meta property=\"og:description\" content=\"De acuerdo a lo establecido en las bases de la convocatoria, se hace p\u00fablico el resultado del IX Concurso Nacional de Pintura R\u00e1pida de Vilafam\u00e9s 2014. ANUNCIO EN LA P\u00c1GINA WEB DEL AYUNTAMIENTO DE LA LISTA DE PREMIADOS DEL CONCURSO DE PINTURA R\u00c1PIDA 2014 Por Resoluci\u00f3n de Alcald\u00eda 2014-0823 de fecha 10.11.2014, se ha resuelto [&hellip;]\" \/>\n<meta property=\"og:url\" content=\"https:\/\/vilafames.org\/premiats-al-ix-concurs-nacional-de-pintura-rapida-de-vilafames\/\" \/>\n<meta property=\"og:site_name\" content=\"Web de l&#039;Ajuntament de Vilafam\u00e9s\" \/>\n<meta property=\"article:publisher\" content=\"https:\/\/www.facebook.com\/AjuntamentVilafames\" \/>\n<meta property=\"article:published_time\" content=\"2014-11-11T17:45:34+00:00\" \/>\n<meta property=\"article:modified_time\" content=\"2016-11-29T15:26:41+00:00\" \/>\n<meta property=\"og:image\" content=\"https:\/\/vilafames.org\/wp-content\/uploads\/primer_premi_pacual_gimeno-150x150.jpg\" \/>\n<meta name=\"author\" content=\"vilafames\" \/>\n<meta name=\"twitter:card\" content=\"summary_large_image\" \/>\n<meta name=\"twitter:creator\" content=\"@ajtvilafames\" \/>\n<meta name=\"twitter:site\" content=\"@ajtvilafames\" \/>\n<meta name=\"twitter:label1\" content=\"Escrito por\" \/>\n\t<meta name=\"twitter:data1\" content=\"vilafames\" \/>\n\t<meta name=\"twitter:label2\" content=\"Tiempo de lectura\" \/>\n\t<meta name=\"twitter:data2\" content=\"3 minutos\" \/>\n<script type=\"application\/ld+json\" class=\"yoast-schema-graph\">{\"@context\":\"https:\/\/schema.org\",\"@graph\":[{\"@type\":\"Article\",\"@id\":\"https:\/\/vilafames.org\/premiats-al-ix-concurs-nacional-de-pintura-rapida-de-vilafames\/#article\",\"isPartOf\":{\"@id\":\"https:\/\/vilafames.org\/premiats-al-ix-concurs-nacional-de-pintura-rapida-de-vilafames\/\"},\"author\":{\"name\":\"vilafames\",\"@id\":\"https:\/\/vilafames.org\/#\/schema\/person\/401579137df63da0da256a349addf0f0\"},\"headline\":\"Premiados en el IX Concurso Nacional de Pintura R\u00e1pida de Vilafam\u00e9s\",\"datePublished\":\"2014-11-11T17:45:34+00:00\",\"dateModified\":\"2016-11-29T15:26:41+00:00\",\"mainEntityOfPage\":{\"@id\":\"https:\/\/vilafames.org\/premiats-al-ix-concurs-nacional-de-pintura-rapida-de-vilafames\/\"},\"wordCount\":623,\"commentCount\":0,\"publisher\":{\"@id\":\"https:\/\/vilafames.org\/#organization\"},\"image\":{\"@id\":\"https:\/\/vilafames.org\/premiats-al-ix-concurs-nacional-de-pintura-rapida-de-vilafames\/#primaryimage\"},\"thumbnailUrl\":\"https:\/\/vilafames.corvanit.com\/wp-content\/uploads\/cartell_concurs_pintura_2014_si-300x300.jpg\",\"articleSection\":[\"Noticias\"],\"inLanguage\":\"es\",\"potentialAction\":[{\"@type\":\"CommentAction\",\"name\":\"Comment\",\"target\":[\"https:\/\/vilafames.org\/premiats-al-ix-concurs-nacional-de-pintura-rapida-de-vilafames\/#respond\"]}]},{\"@type\":\"WebPage\",\"@id\":\"https:\/\/vilafames.org\/premiats-al-ix-concurs-nacional-de-pintura-rapida-de-vilafames\/\",\"url\":\"https:\/\/vilafames.org\/premiats-al-ix-concurs-nacional-de-pintura-rapida-de-vilafames\/\",\"name\":\"[:ca]Premiats al IX Concurs Nacional de Pintura R\u00e0pida de Vilafam\u00e9s[:es]Premiados en el IX Concurso Nacional de Pintura R\u00e1pida de Vilafam\u00e9s[:] - Web de l&#039;Ajuntament de Vilafam\u00e9s\",\"isPartOf\":{\"@id\":\"https:\/\/vilafames.org\/#website\"},\"primaryImageOfPage\":{\"@id\":\"https:\/\/vilafames.org\/premiats-al-ix-concurs-nacional-de-pintura-rapida-de-vilafames\/#primaryimage\"},\"image\":{\"@id\":\"https:\/\/vilafames.org\/premiats-al-ix-concurs-nacional-de-pintura-rapida-de-vilafames\/#primaryimage\"},\"thumbnailUrl\":\"https:\/\/vilafames.corvanit.com\/wp-content\/uploads\/cartell_concurs_pintura_2014_si-300x300.jpg\",\"datePublished\":\"2014-11-11T17:45:34+00:00\",\"dateModified\":\"2016-11-29T15:26:41+00:00\",\"breadcrumb\":{\"@id\":\"https:\/\/vilafames.org\/premiats-al-ix-concurs-nacional-de-pintura-rapida-de-vilafames\/#breadcrumb\"},\"inLanguage\":\"es\",\"potentialAction\":[{\"@type\":\"ReadAction\",\"target\":[\"https:\/\/vilafames.org\/premiats-al-ix-concurs-nacional-de-pintura-rapida-de-vilafames\/\"]}]},{\"@type\":\"ImageObject\",\"inLanguage\":\"es\",\"@id\":\"https:\/\/vilafames.org\/premiats-al-ix-concurs-nacional-de-pintura-rapida-de-vilafames\/#primaryimage\",\"url\":\"https:\/\/vilafames.corvanit.com\/wp-content\/uploads\/cartell_concurs_pintura_2014_si-300x300.jpg\",\"contentUrl\":\"https:\/\/vilafames.corvanit.com\/wp-content\/uploads\/cartell_concurs_pintura_2014_si-300x300.jpg\"},{\"@type\":\"BreadcrumbList\",\"@id\":\"https:\/\/vilafames.org\/premiats-al-ix-concurs-nacional-de-pintura-rapida-de-vilafames\/#breadcrumb\",\"itemListElement\":[{\"@type\":\"ListItem\",\"position\":1,\"name\":\"Inici\",\"item\":\"https:\/\/vilafames.org\/\"},{\"@type\":\"ListItem\",\"position\":2,\"name\":\"Premiats al IX Concurs Nacional de Pintura R\u00e0pida de Vilafam\u00e9s\"}]},{\"@type\":\"WebSite\",\"@id\":\"https:\/\/vilafames.org\/#website\",\"url\":\"https:\/\/vilafames.org\/\",\"name\":\"Web de l'Ajuntament de Vilafam\u00e9s\",\"description\":\"Web de l&#039;Ajuntament de Vilafam\u00e9s\",\"publisher\":{\"@id\":\"https:\/\/vilafames.org\/#organization\"},\"potentialAction\":[{\"@type\":\"SearchAction\",\"target\":{\"@type\":\"EntryPoint\",\"urlTemplate\":\"https:\/\/vilafames.org\/?s={search_term_string}\"},\"query-input\":{\"@type\":\"PropertyValueSpecification\",\"valueRequired\":true,\"valueName\":\"search_term_string\"}}],\"inLanguage\":\"es\"},{\"@type\":\"Organization\",\"@id\":\"https:\/\/vilafames.org\/#organization\",\"name\":\"Web de l'Ajuntament de Vilafam\u00e9s\",\"url\":\"https:\/\/vilafames.org\/\",\"logo\":{\"@type\":\"ImageObject\",\"inLanguage\":\"es\",\"@id\":\"https:\/\/vilafames.org\/#\/schema\/logo\/image\/\",\"url\":\"https:\/\/vilafames.org\/wp-content\/uploads\/cropped-marca_v_rgb-1-1.png\",\"contentUrl\":\"https:\/\/vilafames.org\/wp-content\/uploads\/cropped-marca_v_rgb-1-1.png\",\"width\":558,\"height\":269,\"caption\":\"Web de l'Ajuntament de Vilafam\u00e9s\"},\"image\":{\"@id\":\"https:\/\/vilafames.org\/#\/schema\/logo\/image\/\"},\"sameAs\":[\"https:\/\/www.facebook.com\/AjuntamentVilafames\",\"https:\/\/x.com\/ajtvilafames\",\"https:\/\/www.instagram.com\/ajuntamentvilafames\/\",\"https:\/\/www.youtube.com\/channel\/UCjXWt3n8FHiahgKqHZWOTXQ\"]},{\"@type\":\"Person\",\"@id\":\"https:\/\/vilafames.org\/#\/schema\/person\/401579137df63da0da256a349addf0f0\",\"name\":\"vilafames\",\"url\":\"https:\/\/vilafames.org\/es\/author\/vilafames\/\"}]}<\/script>\n<!-- \/ Yoast SEO plugin. -->","yoast_head_json":{"title":"[:ca]Premiats al IX Concurs Nacional de Pintura R\u00e0pida de Vilafam\u00e9s[:es]Premiados en el IX Concurso Nacional de Pintura R\u00e1pida de Vilafam\u00e9s[:] - Web de l&#039;Ajuntament de Vilafam\u00e9s","robots":{"index":"index","follow":"follow","max-snippet":"max-snippet:-1","max-image-preview":"max-image-preview:large","max-video-preview":"max-video-preview:-1"},"canonical":"https:\/\/vilafames.org\/premiats-al-ix-concurs-nacional-de-pintura-rapida-de-vilafames\/","og_locale":"es_ES","og_type":"article","og_title":"[:ca]Premiats al IX Concurs Nacional de Pintura R\u00e0pida de Vilafam\u00e9s[:es]Premiados en el IX Concurso Nacional de Pintura R\u00e1pida de Vilafam\u00e9s[:] - Web de l&#039;Ajuntament de Vilafam\u00e9s","og_description":"De acuerdo a lo establecido en las bases de la convocatoria, se hace p\u00fablico el resultado del IX Concurso Nacional de Pintura R\u00e1pida de Vilafam\u00e9s 2014. ANUNCIO EN LA P\u00c1GINA WEB DEL AYUNTAMIENTO DE LA LISTA DE PREMIADOS DEL CONCURSO DE PINTURA R\u00c1PIDA 2014 Por Resoluci\u00f3n de Alcald\u00eda 2014-0823 de fecha 10.11.2014, se ha resuelto [&hellip;]","og_url":"https:\/\/vilafames.org\/premiats-al-ix-concurs-nacional-de-pintura-rapida-de-vilafames\/","og_site_name":"Web de l&#039;Ajuntament de Vilafam\u00e9s","article_publisher":"https:\/\/www.facebook.com\/AjuntamentVilafames","article_published_time":"2014-11-11T17:45:34+00:00","article_modified_time":"2016-11-29T15:26:41+00:00","og_image":[{"url":"https:\/\/vilafames.org\/wp-content\/uploads\/primer_premi_pacual_gimeno-150x150.jpg","type":"","width":"","height":""}],"author":"vilafames","twitter_card":"summary_large_image","twitter_creator":"@ajtvilafames","twitter_site":"@ajtvilafames","twitter_misc":{"Escrito por":"vilafames","Tiempo de lectura":"3 minutos"},"schema":{"@context":"https:\/\/schema.org","@graph":[{"@type":"Article","@id":"https:\/\/vilafames.org\/premiats-al-ix-concurs-nacional-de-pintura-rapida-de-vilafames\/#article","isPartOf":{"@id":"https:\/\/vilafames.org\/premiats-al-ix-concurs-nacional-de-pintura-rapida-de-vilafames\/"},"author":{"name":"vilafames","@id":"https:\/\/vilafames.org\/#\/schema\/person\/401579137df63da0da256a349addf0f0"},"headline":"Premiados en el IX Concurso Nacional de Pintura R\u00e1pida de Vilafam\u00e9s","datePublished":"2014-11-11T17:45:34+00:00","dateModified":"2016-11-29T15:26:41+00:00","mainEntityOfPage":{"@id":"https:\/\/vilafames.org\/premiats-al-ix-concurs-nacional-de-pintura-rapida-de-vilafames\/"},"wordCount":623,"commentCount":0,"publisher":{"@id":"https:\/\/vilafames.org\/#organization"},"image":{"@id":"https:\/\/vilafames.org\/premiats-al-ix-concurs-nacional-de-pintura-rapida-de-vilafames\/#primaryimage"},"thumbnailUrl":"https:\/\/vilafames.corvanit.com\/wp-content\/uploads\/cartell_concurs_pintura_2014_si-300x300.jpg","articleSection":["Noticias"],"inLanguage":"es","potentialAction":[{"@type":"CommentAction","name":"Comment","target":["https:\/\/vilafames.org\/premiats-al-ix-concurs-nacional-de-pintura-rapida-de-vilafames\/#respond"]}]},{"@type":"WebPage","@id":"https:\/\/vilafames.org\/premiats-al-ix-concurs-nacional-de-pintura-rapida-de-vilafames\/","url":"https:\/\/vilafames.org\/premiats-al-ix-concurs-nacional-de-pintura-rapida-de-vilafames\/","name":"[:ca]Premiats al IX Concurs Nacional de Pintura R\u00e0pida de Vilafam\u00e9s[:es]Premiados en el IX Concurso Nacional de Pintura R\u00e1pida de Vilafam\u00e9s[:] - Web de l&#039;Ajuntament de Vilafam\u00e9s","isPartOf":{"@id":"https:\/\/vilafames.org\/#website"},"primaryImageOfPage":{"@id":"https:\/\/vilafames.org\/premiats-al-ix-concurs-nacional-de-pintura-rapida-de-vilafames\/#primaryimage"},"image":{"@id":"https:\/\/vilafames.org\/premiats-al-ix-concurs-nacional-de-pintura-rapida-de-vilafames\/#primaryimage"},"thumbnailUrl":"https:\/\/vilafames.corvanit.com\/wp-content\/uploads\/cartell_concurs_pintura_2014_si-300x300.jpg","datePublished":"2014-11-11T17:45:34+00:00","dateModified":"2016-11-29T15:26:41+00:00","breadcrumb":{"@id":"https:\/\/vilafames.org\/premiats-al-ix-concurs-nacional-de-pintura-rapida-de-vilafames\/#breadcrumb"},"inLanguage":"es","potentialAction":[{"@type":"ReadAction","target":["https:\/\/vilafames.org\/premiats-al-ix-concurs-nacional-de-pintura-rapida-de-vilafames\/"]}]},{"@type":"ImageObject","inLanguage":"es","@id":"https:\/\/vilafames.org\/premiats-al-ix-concurs-nacional-de-pintura-rapida-de-vilafames\/#primaryimage","url":"https:\/\/vilafames.corvanit.com\/wp-content\/uploads\/cartell_concurs_pintura_2014_si-300x300.jpg","contentUrl":"https:\/\/vilafames.corvanit.com\/wp-content\/uploads\/cartell_concurs_pintura_2014_si-300x300.jpg"},{"@type":"BreadcrumbList","@id":"https:\/\/vilafames.org\/premiats-al-ix-concurs-nacional-de-pintura-rapida-de-vilafames\/#breadcrumb","itemListElement":[{"@type":"ListItem","position":1,"name":"Inici","item":"https:\/\/vilafames.org\/"},{"@type":"ListItem","position":2,"name":"Premiats al IX Concurs Nacional de Pintura R\u00e0pida de Vilafam\u00e9s"}]},{"@type":"WebSite","@id":"https:\/\/vilafames.org\/#website","url":"https:\/\/vilafames.org\/","name":"Web de l'Ajuntament de Vilafam\u00e9s","description":"Web de l&#039;Ajuntament de Vilafam\u00e9s","publisher":{"@id":"https:\/\/vilafames.org\/#organization"},"potentialAction":[{"@type":"SearchAction","target":{"@type":"EntryPoint","urlTemplate":"https:\/\/vilafames.org\/?s={search_term_string}"},"query-input":{"@type":"PropertyValueSpecification","valueRequired":true,"valueName":"search_term_string"}}],"inLanguage":"es"},{"@type":"Organization","@id":"https:\/\/vilafames.org\/#organization","name":"Web de l'Ajuntament de Vilafam\u00e9s","url":"https:\/\/vilafames.org\/","logo":{"@type":"ImageObject","inLanguage":"es","@id":"https:\/\/vilafames.org\/#\/schema\/logo\/image\/","url":"https:\/\/vilafames.org\/wp-content\/uploads\/cropped-marca_v_rgb-1-1.png","contentUrl":"https:\/\/vilafames.org\/wp-content\/uploads\/cropped-marca_v_rgb-1-1.png","width":558,"height":269,"caption":"Web de l'Ajuntament de Vilafam\u00e9s"},"image":{"@id":"https:\/\/vilafames.org\/#\/schema\/logo\/image\/"},"sameAs":["https:\/\/www.facebook.com\/AjuntamentVilafames","https:\/\/x.com\/ajtvilafames","https:\/\/www.instagram.com\/ajuntamentvilafames\/","https:\/\/www.youtube.com\/channel\/UCjXWt3n8FHiahgKqHZWOTXQ"]},{"@type":"Person","@id":"https:\/\/vilafames.org\/#\/schema\/person\/401579137df63da0da256a349addf0f0","name":"vilafames","url":"https:\/\/vilafames.org\/es\/author\/vilafames\/"}]}},"_links":{"self":[{"href":"https:\/\/vilafames.org\/es\/wp-json\/wp\/v2\/posts\/994","targetHints":{"allow":["GET"]}}],"collection":[{"href":"https:\/\/vilafames.org\/es\/wp-json\/wp\/v2\/posts"}],"about":[{"href":"https:\/\/vilafames.org\/es\/wp-json\/wp\/v2\/types\/post"}],"author":[{"embeddable":true,"href":"https:\/\/vilafames.org\/es\/wp-json\/wp\/v2\/users\/3"}],"replies":[{"embeddable":true,"href":"https:\/\/vilafames.org\/es\/wp-json\/wp\/v2\/comments?post=994"}],"version-history":[{"count":0,"href":"https:\/\/vilafames.org\/es\/wp-json\/wp\/v2\/posts\/994\/revisions"}],"wp:attachment":[{"href":"https:\/\/vilafames.org\/es\/wp-json\/wp\/v2\/media?parent=994"}],"wp:term":[{"taxonomy":"category","embeddable":true,"href":"https:\/\/vilafames.org\/es\/wp-json\/wp\/v2\/categories?post=994"},{"taxonomy":"post_tag","embeddable":true,"href":"https:\/\/vilafames.org\/es\/wp-json\/wp\/v2\/tags?post=994"}],"curies":[{"name":"wp","href":"https:\/\/api.w.org\/{rel}","templated":true}]}}