{"id":973,"date":"2014-12-12T14:00:17","date_gmt":"2014-12-12T13:00:17","guid":{"rendered":"http:\/\/vilafames.org\/?p=973"},"modified":"2016-11-29T15:55:12","modified_gmt":"2016-11-29T14:55:12","slug":"nadal-a-vilafames-2014","status":"publish","type":"post","link":"https:\/\/vilafames.org\/es\/nadal-a-vilafames-2014\/","title":{"rendered":"Nadal a Vilafam\u00e9s 2014"},"content":{"rendered":"<p>\n<h3><img decoding=\"async\" class=\"alignright size-medium wp-image-974 lazyload\" data-src=\"https:\/\/vilafames.corvanit.com\/wp-content\/uploads\/cartell_nadal_2014_15_web-300x300.jpg\" alt=\"cartell_nadal_2014_15_web\" width=\"300\" height=\"300\" data-srcset=\"https:\/\/vilafames.org\/wp-content\/uploads\/cartell_nadal_2014_15_web-300x300.jpg 300w, https:\/\/vilafames.org\/wp-content\/uploads\/cartell_nadal_2014_15_web-150x150.jpg 150w, https:\/\/vilafames.org\/wp-content\/uploads\/cartell_nadal_2014_15_web.jpg 480w\" data-sizes=\"(max-width: 300px) 100vw, 300px\" src=\"data:image\/gif;base64,R0lGODlhAQABAAAAACH5BAEKAAEALAAAAAABAAEAAAICTAEAOw==\" style=\"--smush-placeholder-width: 300px; --smush-placeholder-aspect-ratio: 300\/300;\" \/>La Concejal\u00eda de Fiestas tiene completada la programaci\u00f3n de actos para la celebraci\u00f3n de la Navidad 2014.<\/h3>\n<p>\u201cNadal a Vilafam\u00e9s\u201d, un atractivo y variado programa para estas fiestas de Navidad y Reyes.<\/p>\n<p>La Concejal\u00eda de Fiestas ha programado un variado y atractivo programa de actividades relacionadas con las fiestas de la Navidad y Reyes, que llevan como t\u00edtulo el de \u201cNadal a Vilafam\u00e9s\u201d.<\/p>\n<p>Una programaci\u00f3n que tendr\u00e1 lugar del 17 de diciembre al 5 de enero de 2015 y que est\u00e1 trufada de todo tipo de propuestas l\u00fadicas dedicadas a acompa\u00f1ar a los vecinos del municipio en estas fiestas tan se\u00f1aladas.<\/p>\n<p>La concejal de Fiestas, Marisa Torl\u00e1, ha destacado el car\u00e1cter participativo de esta programaci\u00f3n que cuenta con el apoyo y colaboraci\u00f3n de todo el tejido asociativo de Vilafam\u00e9s.<\/p>\n<p>Torl\u00e1 ha se\u00f1alado que \u201ctoda la programaci\u00f3n de Nadal a Vilafam\u00e9s cuenta con el respaldo del consistorio y cuenta con la organizaci\u00f3n de diferentes asociaciones asi como la parroquia, ya que la colaboraci\u00f3n de todos hace posible el \u00e9xito de estas fiestas tan tradicionales y entra\u00f1ables\u201d.<\/p>\n<p>En este sentido, el alcalde de Vilafam\u00e9s, Jos\u00e9 Pons, ha reiterado la necesidad de colaboraci\u00f3n entre el consistorio y la sociedad civil para poder aunar esfuerzos en cuestiones como puede ser disponer de una programaci\u00f3n de estas caracter\u00edsticas.<\/p>\n<p>Pons ha indicado que \u201cestamos satisfechos de comprobar este nexo de uni\u00f3n y colaboraci\u00f3n con el tejido asociativo que hace que las propuestas que se ponen en marcha tengan tanto apoyo popular\u201d.<\/p>\n<p>Una programaci\u00f3n que comenzar\u00e1 este mi\u00e9rcoles 17 y jueves 18 de diciembre en el local de la Associaci\u00f3 Cultural \u201cLa Roca\u201d con una audici\u00f3n del alumnado de la Escola de M\u00fasica.<\/p>\n<p>Mientras tanto, el s\u00e1bado 20 tendr\u00e1 lugar en el mismo espacio el Concert de Nadal a cargo del alumnado de conjunto instrumental y de la Banda Jove de la Escola de M\u00fasica.<\/p>\n<p>Por su parte, el domingo 21 de diciembre tendr\u00e1 lugar a partir de las 12.45 horas la inauguraci\u00f3n del Bel\u00e9n de la Iglesia de la Sang. Una jornada que hab\u00eda comenzado a las 00.00 horas con la Nit Pirata a la carpa, con la actuaci\u00f3n de la disco m\u00f3vil de The End.<\/p>\n<p><img decoding=\"async\" class=\"alignnone size-full wp-image-977 lazyload\" data-src=\"https:\/\/vilafames.corvanit.com\/wp-content\/uploads\/cartell_nadal_2014-2015_programacio_web.jpg\" alt=\"cartell_nadal_2014-2015_programacio_web\" width=\"1024\" height=\"724\" data-srcset=\"https:\/\/vilafames.org\/wp-content\/uploads\/cartell_nadal_2014-2015_programacio_web.jpg 1024w, https:\/\/vilafames.org\/wp-content\/uploads\/cartell_nadal_2014-2015_programacio_web-300x212.jpg 300w, https:\/\/vilafames.org\/wp-content\/uploads\/cartell_nadal_2014-2015_programacio_web-768x543.jpg 768w\" data-sizes=\"(max-width: 1024px) 100vw, 1024px\" src=\"data:image\/gif;base64,R0lGODlhAQABAAAAACH5BAEKAAEALAAAAAABAAEAAAICTAEAOw==\" style=\"--smush-placeholder-width: 1024px; --smush-placeholder-aspect-ratio: 1024\/724;\" \/><\/p>\n<p>&nbsp;","protected":false},"excerpt":{"rendered":"<p>La Concejal\u00eda de Fiestas tiene completada la programaci\u00f3n de actos para la celebraci\u00f3n de la Navidad 2014. \u201cNadal a Vilafam\u00e9s\u201d, un atractivo y variado programa para estas fiestas de Navidad y Reyes. La Concejal\u00eda de Fiestas ha programado un variado y atractivo programa de actividades relacionadas con las fiestas de la Navidad y Reyes, que [&hellip;]<\/p>\n","protected":false},"author":3,"featured_media":0,"comment_status":"open","ping_status":"open","sticky":false,"template":"","format":"standard","meta":{"footnotes":""},"categories":[1],"tags":[],"class_list":["post-973","post","type-post","status-publish","format-standard","hentry","category-noticies"],"yoast_head":"<!-- This site is optimized with the Yoast SEO plugin v24.8.1 - https:\/\/yoast.com\/wordpress\/plugins\/seo\/ -->\n<title>Nadal a Vilafam\u00e9s 2014 - Web de l&#039;Ajuntament de Vilafam\u00e9s<\/title>\n<meta name=\"robots\" content=\"index, follow, max-snippet:-1, max-image-preview:large, max-video-preview:-1\" \/>\n<link rel=\"canonical\" href=\"https:\/\/vilafames.org\/nadal-a-vilafames-2014\/\" \/>\n<meta property=\"og:locale\" content=\"es_ES\" \/>\n<meta property=\"og:type\" content=\"article\" \/>\n<meta property=\"og:title\" content=\"Nadal a Vilafam\u00e9s 2014 - Web de l&#039;Ajuntament de Vilafam\u00e9s\" \/>\n<meta property=\"og:description\" content=\"La Concejal\u00eda de Fiestas tiene completada la programaci\u00f3n de actos para la celebraci\u00f3n de la Navidad 2014. \u201cNadal a Vilafam\u00e9s\u201d, un atractivo y variado programa para estas fiestas de Navidad y Reyes. La Concejal\u00eda de Fiestas ha programado un variado y atractivo programa de actividades relacionadas con las fiestas de la Navidad y Reyes, que [&hellip;]\" \/>\n<meta property=\"og:url\" content=\"https:\/\/vilafames.org\/nadal-a-vilafames-2014\/\" \/>\n<meta property=\"og:site_name\" content=\"Web de l&#039;Ajuntament de Vilafam\u00e9s\" \/>\n<meta property=\"article:publisher\" content=\"https:\/\/www.facebook.com\/AjuntamentVilafames\" \/>\n<meta property=\"article:published_time\" content=\"2014-12-12T13:00:17+00:00\" \/>\n<meta property=\"article:modified_time\" content=\"2016-11-29T14:55:12+00:00\" \/>\n<meta property=\"og:image\" content=\"https:\/\/vilafames.org\/wp-content\/uploads\/cartell_nadal_2014_15_web.jpg\" \/>\n\t<meta property=\"og:image:width\" content=\"480\" \/>\n\t<meta property=\"og:image:height\" content=\"481\" \/>\n\t<meta property=\"og:image:type\" content=\"image\/jpeg\" \/>\n<meta name=\"author\" content=\"vilafames\" \/>\n<meta name=\"twitter:card\" content=\"summary_large_image\" \/>\n<meta name=\"twitter:creator\" content=\"@ajtvilafames\" \/>\n<meta name=\"twitter:site\" content=\"@ajtvilafames\" \/>\n<meta name=\"twitter:label1\" content=\"Escrito por\" \/>\n\t<meta name=\"twitter:data1\" content=\"vilafames\" \/>\n\t<meta name=\"twitter:label2\" content=\"Tiempo de lectura\" \/>\n\t<meta name=\"twitter:data2\" content=\"4 minutos\" \/>\n<script type=\"application\/ld+json\" class=\"yoast-schema-graph\">{\"@context\":\"https:\/\/schema.org\",\"@graph\":[{\"@type\":\"Article\",\"@id\":\"https:\/\/vilafames.org\/nadal-a-vilafames-2014\/#article\",\"isPartOf\":{\"@id\":\"https:\/\/vilafames.org\/nadal-a-vilafames-2014\/\"},\"author\":{\"name\":\"vilafames\",\"@id\":\"https:\/\/vilafames.org\/#\/schema\/person\/401579137df63da0da256a349addf0f0\"},\"headline\":\"Nadal a Vilafam\u00e9s 2014\",\"datePublished\":\"2014-12-12T13:00:17+00:00\",\"dateModified\":\"2016-11-29T14:55:12+00:00\",\"mainEntityOfPage\":{\"@id\":\"https:\/\/vilafames.org\/nadal-a-vilafames-2014\/\"},\"wordCount\":755,\"commentCount\":0,\"publisher\":{\"@id\":\"https:\/\/vilafames.org\/#organization\"},\"image\":{\"@id\":\"https:\/\/vilafames.org\/nadal-a-vilafames-2014\/#primaryimage\"},\"thumbnailUrl\":\"https:\/\/vilafames.corvanit.com\/wp-content\/uploads\/cartell_nadal_2014_15_web-300x300.jpg\",\"articleSection\":[\"Noticias\"],\"inLanguage\":\"es\",\"potentialAction\":[{\"@type\":\"CommentAction\",\"name\":\"Comment\",\"target\":[\"https:\/\/vilafames.org\/nadal-a-vilafames-2014\/#respond\"]}]},{\"@type\":\"WebPage\",\"@id\":\"https:\/\/vilafames.org\/nadal-a-vilafames-2014\/\",\"url\":\"https:\/\/vilafames.org\/nadal-a-vilafames-2014\/\",\"name\":\"Nadal a Vilafam\u00e9s 2014 - Web de l&#039;Ajuntament de Vilafam\u00e9s\",\"isPartOf\":{\"@id\":\"https:\/\/vilafames.org\/#website\"},\"primaryImageOfPage\":{\"@id\":\"https:\/\/vilafames.org\/nadal-a-vilafames-2014\/#primaryimage\"},\"image\":{\"@id\":\"https:\/\/vilafames.org\/nadal-a-vilafames-2014\/#primaryimage\"},\"thumbnailUrl\":\"https:\/\/vilafames.corvanit.com\/wp-content\/uploads\/cartell_nadal_2014_15_web-300x300.jpg\",\"datePublished\":\"2014-12-12T13:00:17+00:00\",\"dateModified\":\"2016-11-29T14:55:12+00:00\",\"breadcrumb\":{\"@id\":\"https:\/\/vilafames.org\/nadal-a-vilafames-2014\/#breadcrumb\"},\"inLanguage\":\"es\",\"potentialAction\":[{\"@type\":\"ReadAction\",\"target\":[\"https:\/\/vilafames.org\/nadal-a-vilafames-2014\/\"]}]},{\"@type\":\"ImageObject\",\"inLanguage\":\"es\",\"@id\":\"https:\/\/vilafames.org\/nadal-a-vilafames-2014\/#primaryimage\",\"url\":\"https:\/\/vilafames.corvanit.com\/wp-content\/uploads\/cartell_nadal_2014_15_web-300x300.jpg\",\"contentUrl\":\"https:\/\/vilafames.corvanit.com\/wp-content\/uploads\/cartell_nadal_2014_15_web-300x300.jpg\"},{\"@type\":\"BreadcrumbList\",\"@id\":\"https:\/\/vilafames.org\/nadal-a-vilafames-2014\/#breadcrumb\",\"itemListElement\":[{\"@type\":\"ListItem\",\"position\":1,\"name\":\"Inici\",\"item\":\"https:\/\/vilafames.org\/\"},{\"@type\":\"ListItem\",\"position\":2,\"name\":\"Nadal a Vilafam\u00e9s 2014\"}]},{\"@type\":\"WebSite\",\"@id\":\"https:\/\/vilafames.org\/#website\",\"url\":\"https:\/\/vilafames.org\/\",\"name\":\"Web de l'Ajuntament de Vilafam\u00e9s\",\"description\":\"Web de l&#039;Ajuntament de Vilafam\u00e9s\",\"publisher\":{\"@id\":\"https:\/\/vilafames.org\/#organization\"},\"potentialAction\":[{\"@type\":\"SearchAction\",\"target\":{\"@type\":\"EntryPoint\",\"urlTemplate\":\"https:\/\/vilafames.org\/?s={search_term_string}\"},\"query-input\":{\"@type\":\"PropertyValueSpecification\",\"valueRequired\":true,\"valueName\":\"search_term_string\"}}],\"inLanguage\":\"es\"},{\"@type\":\"Organization\",\"@id\":\"https:\/\/vilafames.org\/#organization\",\"name\":\"Web de l'Ajuntament de Vilafam\u00e9s\",\"url\":\"https:\/\/vilafames.org\/\",\"logo\":{\"@type\":\"ImageObject\",\"inLanguage\":\"es\",\"@id\":\"https:\/\/vilafames.org\/#\/schema\/logo\/image\/\",\"url\":\"https:\/\/vilafames.org\/wp-content\/uploads\/cropped-marca_v_rgb-1-1.png\",\"contentUrl\":\"https:\/\/vilafames.org\/wp-content\/uploads\/cropped-marca_v_rgb-1-1.png\",\"width\":558,\"height\":269,\"caption\":\"Web de l'Ajuntament de Vilafam\u00e9s\"},\"image\":{\"@id\":\"https:\/\/vilafames.org\/#\/schema\/logo\/image\/\"},\"sameAs\":[\"https:\/\/www.facebook.com\/AjuntamentVilafames\",\"https:\/\/x.com\/ajtvilafames\",\"https:\/\/www.instagram.com\/ajuntamentvilafames\/\",\"https:\/\/www.youtube.com\/channel\/UCjXWt3n8FHiahgKqHZWOTXQ\"]},{\"@type\":\"Person\",\"@id\":\"https:\/\/vilafames.org\/#\/schema\/person\/401579137df63da0da256a349addf0f0\",\"name\":\"vilafames\",\"url\":\"https:\/\/vilafames.org\/es\/author\/vilafames\/\"}]}<\/script>\n<!-- \/ Yoast SEO plugin. -->","yoast_head_json":{"title":"Nadal a Vilafam\u00e9s 2014 - Web de l&#039;Ajuntament de Vilafam\u00e9s","robots":{"index":"index","follow":"follow","max-snippet":"max-snippet:-1","max-image-preview":"max-image-preview:large","max-video-preview":"max-video-preview:-1"},"canonical":"https:\/\/vilafames.org\/nadal-a-vilafames-2014\/","og_locale":"es_ES","og_type":"article","og_title":"Nadal a Vilafam\u00e9s 2014 - Web de l&#039;Ajuntament de Vilafam\u00e9s","og_description":"La Concejal\u00eda de Fiestas tiene completada la programaci\u00f3n de actos para la celebraci\u00f3n de la Navidad 2014. \u201cNadal a Vilafam\u00e9s\u201d, un atractivo y variado programa para estas fiestas de Navidad y Reyes. La Concejal\u00eda de Fiestas ha programado un variado y atractivo programa de actividades relacionadas con las fiestas de la Navidad y Reyes, que [&hellip;]","og_url":"https:\/\/vilafames.org\/nadal-a-vilafames-2014\/","og_site_name":"Web de l&#039;Ajuntament de Vilafam\u00e9s","article_publisher":"https:\/\/www.facebook.com\/AjuntamentVilafames","article_published_time":"2014-12-12T13:00:17+00:00","article_modified_time":"2016-11-29T14:55:12+00:00","og_image":[{"width":480,"height":481,"url":"https:\/\/vilafames.org\/wp-content\/uploads\/cartell_nadal_2014_15_web.jpg","type":"image\/jpeg"}],"author":"vilafames","twitter_card":"summary_large_image","twitter_creator":"@ajtvilafames","twitter_site":"@ajtvilafames","twitter_misc":{"Escrito por":"vilafames","Tiempo de lectura":"4 minutos"},"schema":{"@context":"https:\/\/schema.org","@graph":[{"@type":"Article","@id":"https:\/\/vilafames.org\/nadal-a-vilafames-2014\/#article","isPartOf":{"@id":"https:\/\/vilafames.org\/nadal-a-vilafames-2014\/"},"author":{"name":"vilafames","@id":"https:\/\/vilafames.org\/#\/schema\/person\/401579137df63da0da256a349addf0f0"},"headline":"Nadal a Vilafam\u00e9s 2014","datePublished":"2014-12-12T13:00:17+00:00","dateModified":"2016-11-29T14:55:12+00:00","mainEntityOfPage":{"@id":"https:\/\/vilafames.org\/nadal-a-vilafames-2014\/"},"wordCount":755,"commentCount":0,"publisher":{"@id":"https:\/\/vilafames.org\/#organization"},"image":{"@id":"https:\/\/vilafames.org\/nadal-a-vilafames-2014\/#primaryimage"},"thumbnailUrl":"https:\/\/vilafames.corvanit.com\/wp-content\/uploads\/cartell_nadal_2014_15_web-300x300.jpg","articleSection":["Noticias"],"inLanguage":"es","potentialAction":[{"@type":"CommentAction","name":"Comment","target":["https:\/\/vilafames.org\/nadal-a-vilafames-2014\/#respond"]}]},{"@type":"WebPage","@id":"https:\/\/vilafames.org\/nadal-a-vilafames-2014\/","url":"https:\/\/vilafames.org\/nadal-a-vilafames-2014\/","name":"Nadal a Vilafam\u00e9s 2014 - Web de l&#039;Ajuntament de Vilafam\u00e9s","isPartOf":{"@id":"https:\/\/vilafames.org\/#website"},"primaryImageOfPage":{"@id":"https:\/\/vilafames.org\/nadal-a-vilafames-2014\/#primaryimage"},"image":{"@id":"https:\/\/vilafames.org\/nadal-a-vilafames-2014\/#primaryimage"},"thumbnailUrl":"https:\/\/vilafames.corvanit.com\/wp-content\/uploads\/cartell_nadal_2014_15_web-300x300.jpg","datePublished":"2014-12-12T13:00:17+00:00","dateModified":"2016-11-29T14:55:12+00:00","breadcrumb":{"@id":"https:\/\/vilafames.org\/nadal-a-vilafames-2014\/#breadcrumb"},"inLanguage":"es","potentialAction":[{"@type":"ReadAction","target":["https:\/\/vilafames.org\/nadal-a-vilafames-2014\/"]}]},{"@type":"ImageObject","inLanguage":"es","@id":"https:\/\/vilafames.org\/nadal-a-vilafames-2014\/#primaryimage","url":"https:\/\/vilafames.corvanit.com\/wp-content\/uploads\/cartell_nadal_2014_15_web-300x300.jpg","contentUrl":"https:\/\/vilafames.corvanit.com\/wp-content\/uploads\/cartell_nadal_2014_15_web-300x300.jpg"},{"@type":"BreadcrumbList","@id":"https:\/\/vilafames.org\/nadal-a-vilafames-2014\/#breadcrumb","itemListElement":[{"@type":"ListItem","position":1,"name":"Inici","item":"https:\/\/vilafames.org\/"},{"@type":"ListItem","position":2,"name":"Nadal a Vilafam\u00e9s 2014"}]},{"@type":"WebSite","@id":"https:\/\/vilafames.org\/#website","url":"https:\/\/vilafames.org\/","name":"Web de l'Ajuntament de Vilafam\u00e9s","description":"Web de l&#039;Ajuntament de Vilafam\u00e9s","publisher":{"@id":"https:\/\/vilafames.org\/#organization"},"potentialAction":[{"@type":"SearchAction","target":{"@type":"EntryPoint","urlTemplate":"https:\/\/vilafames.org\/?s={search_term_string}"},"query-input":{"@type":"PropertyValueSpecification","valueRequired":true,"valueName":"search_term_string"}}],"inLanguage":"es"},{"@type":"Organization","@id":"https:\/\/vilafames.org\/#organization","name":"Web de l'Ajuntament de Vilafam\u00e9s","url":"https:\/\/vilafames.org\/","logo":{"@type":"ImageObject","inLanguage":"es","@id":"https:\/\/vilafames.org\/#\/schema\/logo\/image\/","url":"https:\/\/vilafames.org\/wp-content\/uploads\/cropped-marca_v_rgb-1-1.png","contentUrl":"https:\/\/vilafames.org\/wp-content\/uploads\/cropped-marca_v_rgb-1-1.png","width":558,"height":269,"caption":"Web de l'Ajuntament de Vilafam\u00e9s"},"image":{"@id":"https:\/\/vilafames.org\/#\/schema\/logo\/image\/"},"sameAs":["https:\/\/www.facebook.com\/AjuntamentVilafames","https:\/\/x.com\/ajtvilafames","https:\/\/www.instagram.com\/ajuntamentvilafames\/","https:\/\/www.youtube.com\/channel\/UCjXWt3n8FHiahgKqHZWOTXQ"]},{"@type":"Person","@id":"https:\/\/vilafames.org\/#\/schema\/person\/401579137df63da0da256a349addf0f0","name":"vilafames","url":"https:\/\/vilafames.org\/es\/author\/vilafames\/"}]}},"_links":{"self":[{"href":"https:\/\/vilafames.org\/es\/wp-json\/wp\/v2\/posts\/973","targetHints":{"allow":["GET"]}}],"collection":[{"href":"https:\/\/vilafames.org\/es\/wp-json\/wp\/v2\/posts"}],"about":[{"href":"https:\/\/vilafames.org\/es\/wp-json\/wp\/v2\/types\/post"}],"author":[{"embeddable":true,"href":"https:\/\/vilafames.org\/es\/wp-json\/wp\/v2\/users\/3"}],"replies":[{"embeddable":true,"href":"https:\/\/vilafames.org\/es\/wp-json\/wp\/v2\/comments?post=973"}],"version-history":[{"count":0,"href":"https:\/\/vilafames.org\/es\/wp-json\/wp\/v2\/posts\/973\/revisions"}],"wp:attachment":[{"href":"https:\/\/vilafames.org\/es\/wp-json\/wp\/v2\/media?parent=973"}],"wp:term":[{"taxonomy":"category","embeddable":true,"href":"https:\/\/vilafames.org\/es\/wp-json\/wp\/v2\/categories?post=973"},{"taxonomy":"post_tag","embeddable":true,"href":"https:\/\/vilafames.org\/es\/wp-json\/wp\/v2\/tags?post=973"}],"curies":[{"name":"wp","href":"https:\/\/api.w.org\/{rel}","templated":true}]}}