{"id":8437,"date":"2022-05-17T08:43:48","date_gmt":"2022-05-17T06:43:48","guid":{"rendered":"https:\/\/vilafames.org\/?p=8437"},"modified":"2022-05-17T08:43:48","modified_gmt":"2022-05-17T06:43:48","slug":"concert-en-honor-a-sant-isidre-a-vilafames","status":"publish","type":"post","link":"https:\/\/vilafames.org\/es\/concert-en-honor-a-sant-isidre-a-vilafames\/","title":{"rendered":"Concierto en honor a San Isidro en Vilafam\u00e9s"},"content":{"rendered":"<p>Caixa Rural Vilafam\u00e9s y la Cooperativa Agr\u00edcola San Isidro celebraron la festividad del patr\u00f3n con un concierto al aire libre en la plaza Hermanas Mas, en el que colabor\u00f3 tambi\u00e9n el Ayuntamiento de la localidad. La Banda de M\u00fasica de la Asociaci\u00f3n Cultural La Roca interpret\u00f3 las piezas musicales, con un repertorio que finaliz\u00f3 con el Himno de Europa.<\/p>\n<p>En el concierto se pidi\u00f3 el fin de la guerra en Ucrania, la paz y el respeto por los Derechos Humanos. El presidente de las dos cooperativas, Luis Andreu, anunci\u00f3 al finalizar el acto la entrega de una ayuda humanitaria a Ucrania a trav\u00e9s de Cruz Roja, con cargo a la obra social de Caixa Rural Vilafam\u00e9s. Esta iniciativa cultural y solidaria cont\u00f3 con la asistencia de numeroso p\u00fablico.","protected":false},"excerpt":{"rendered":"<p>Caixa Rural Vilafam\u00e9s y la Cooperativa Agr\u00edcola San Isidro celebraron la festividad del patr\u00f3n con un concierto al aire libre en la plaza Hermanas Mas, en el que colabor\u00f3 tambi\u00e9n el Ayuntamiento de la localidad. La Banda de M\u00fasica de la Asociaci\u00f3n Cultural La Roca interpret\u00f3 las piezas musicales, con un repertorio que finaliz\u00f3 con [&hellip;]<\/p>\n","protected":false},"author":3,"featured_media":8438,"comment_status":"closed","ping_status":"open","sticky":false,"template":"","format":"standard","meta":{"footnotes":""},"categories":[61,1],"tags":[924,922,921,923,919],"class_list":["post-8437","post","type-post","status-publish","format-standard","has-post-thumbnail","hentry","category-ajuntament","category-noticies","tag-caixa-rural","tag-concert-de-musica","tag-cooperativa-agricola","tag-la-roca-vilafames","tag-sant-isidre"],"yoast_head":"<!-- This site is optimized with the Yoast SEO plugin v24.8.1 - https:\/\/yoast.com\/wordpress\/plugins\/seo\/ -->\n<title>Concierto en honor a San Isidro en Vilafam\u00e9s - Web de l&#039;Ajuntament de Vilafam\u00e9s<\/title>\n<meta name=\"robots\" content=\"index, follow, max-snippet:-1, max-image-preview:large, max-video-preview:-1\" \/>\n<link rel=\"canonical\" href=\"https:\/\/vilafames.org\/concert-en-honor-a-sant-isidre-a-vilafames\/\" \/>\n<meta property=\"og:locale\" content=\"es_ES\" \/>\n<meta property=\"og:type\" content=\"article\" \/>\n<meta property=\"og:title\" content=\"[:ca]Concert en honor a Sant Isidre a Vilafam\u00e9s[:es]Concierto en honor a San Isidro en Vilafam\u00e9s[:] - Web de l&#039;Ajuntament de Vilafam\u00e9s\" \/>\n<meta property=\"og:description\" content=\"Caixa Rural Vilafam\u00e9s y la Cooperativa Agr\u00edcola San Isidro celebraron la festividad del patr\u00f3n con un concierto al aire libre en la plaza Hermanas Mas, en el que colabor\u00f3 tambi\u00e9n el Ayuntamiento de la localidad. La Banda de M\u00fasica de la Asociaci\u00f3n Cultural La Roca interpret\u00f3 las piezas musicales, con un repertorio que finaliz\u00f3 con [&hellip;]\" \/>\n<meta property=\"og:url\" content=\"https:\/\/vilafames.org\/concert-en-honor-a-sant-isidre-a-vilafames\/\" \/>\n<meta property=\"og:site_name\" content=\"Web de l&#039;Ajuntament de Vilafam\u00e9s\" \/>\n<meta property=\"article:publisher\" content=\"https:\/\/www.facebook.com\/AjuntamentVilafames\" \/>\n<meta property=\"article:published_time\" content=\"2022-05-17T06:43:48+00:00\" \/>\n<meta property=\"og:image\" content=\"https:\/\/vilafames.org\/wp-content\/uploads\/Concer-per-Sant-Isidre-3.jpg\" \/>\n\t<meta property=\"og:image:width\" content=\"2400\" \/>\n\t<meta property=\"og:image:height\" content=\"1600\" \/>\n\t<meta property=\"og:image:type\" content=\"image\/jpeg\" \/>\n<meta name=\"author\" content=\"vilafames\" \/>\n<meta name=\"twitter:card\" content=\"summary_large_image\" \/>\n<meta name=\"twitter:creator\" content=\"@ajtvilafames\" \/>\n<meta name=\"twitter:site\" content=\"@ajtvilafames\" \/>\n<meta name=\"twitter:label1\" content=\"Escrito por\" \/>\n\t<meta name=\"twitter:data1\" content=\"vilafames\" \/>\n\t<meta name=\"twitter:label2\" content=\"Tiempo de lectura\" \/>\n\t<meta name=\"twitter:data2\" content=\"1 minuto\" \/>\n<script type=\"application\/ld+json\" class=\"yoast-schema-graph\">{\"@context\":\"https:\/\/schema.org\",\"@graph\":[{\"@type\":\"Article\",\"@id\":\"https:\/\/vilafames.org\/concert-en-honor-a-sant-isidre-a-vilafames\/#article\",\"isPartOf\":{\"@id\":\"https:\/\/vilafames.org\/concert-en-honor-a-sant-isidre-a-vilafames\/\"},\"author\":{\"name\":\"vilafames\",\"@id\":\"https:\/\/vilafames.org\/#\/schema\/person\/401579137df63da0da256a349addf0f0\"},\"headline\":\"Concierto en honor a San Isidro en Vilafam\u00e9s\",\"datePublished\":\"2022-05-17T06:43:48+00:00\",\"mainEntityOfPage\":{\"@id\":\"https:\/\/vilafames.org\/concert-en-honor-a-sant-isidre-a-vilafames\/\"},\"wordCount\":300,\"publisher\":{\"@id\":\"https:\/\/vilafames.org\/#organization\"},\"image\":{\"@id\":\"https:\/\/vilafames.org\/concert-en-honor-a-sant-isidre-a-vilafames\/#primaryimage\"},\"thumbnailUrl\":\"https:\/\/vilafames.org\/wp-content\/uploads\/Concer-per-Sant-Isidre-3.jpg\",\"keywords\":[\"Caixa Rural\",\"Concert de m\u00fasica\",\"Cooperativa Agr\u00edcola\",\"La Roca Vilafam\u00e9s\",\"Sant Isidre\"],\"articleSection\":[\"Ayuntamiento\",\"Noticias\"],\"inLanguage\":\"es\"},{\"@type\":\"WebPage\",\"@id\":\"https:\/\/vilafames.org\/concert-en-honor-a-sant-isidre-a-vilafames\/\",\"url\":\"https:\/\/vilafames.org\/concert-en-honor-a-sant-isidre-a-vilafames\/\",\"name\":\"[:ca]Concert en honor a Sant Isidre a Vilafam\u00e9s[:es]Concierto en honor a San Isidro en Vilafam\u00e9s[:] - Web de l&#039;Ajuntament de Vilafam\u00e9s\",\"isPartOf\":{\"@id\":\"https:\/\/vilafames.org\/#website\"},\"primaryImageOfPage\":{\"@id\":\"https:\/\/vilafames.org\/concert-en-honor-a-sant-isidre-a-vilafames\/#primaryimage\"},\"image\":{\"@id\":\"https:\/\/vilafames.org\/concert-en-honor-a-sant-isidre-a-vilafames\/#primaryimage\"},\"thumbnailUrl\":\"https:\/\/vilafames.org\/wp-content\/uploads\/Concer-per-Sant-Isidre-3.jpg\",\"datePublished\":\"2022-05-17T06:43:48+00:00\",\"breadcrumb\":{\"@id\":\"https:\/\/vilafames.org\/concert-en-honor-a-sant-isidre-a-vilafames\/#breadcrumb\"},\"inLanguage\":\"es\",\"potentialAction\":[{\"@type\":\"ReadAction\",\"target\":[\"https:\/\/vilafames.org\/concert-en-honor-a-sant-isidre-a-vilafames\/\"]}]},{\"@type\":\"ImageObject\",\"inLanguage\":\"es\",\"@id\":\"https:\/\/vilafames.org\/concert-en-honor-a-sant-isidre-a-vilafames\/#primaryimage\",\"url\":\"https:\/\/vilafames.org\/wp-content\/uploads\/Concer-per-Sant-Isidre-3.jpg\",\"contentUrl\":\"https:\/\/vilafames.org\/wp-content\/uploads\/Concer-per-Sant-Isidre-3.jpg\",\"width\":2400,\"height\":1600},{\"@type\":\"BreadcrumbList\",\"@id\":\"https:\/\/vilafames.org\/concert-en-honor-a-sant-isidre-a-vilafames\/#breadcrumb\",\"itemListElement\":[{\"@type\":\"ListItem\",\"position\":1,\"name\":\"Inici\",\"item\":\"https:\/\/vilafames.org\/\"},{\"@type\":\"ListItem\",\"position\":2,\"name\":\"Concert en honor a Sant Isidre a Vilafam\u00e9s\"}]},{\"@type\":\"WebSite\",\"@id\":\"https:\/\/vilafames.org\/#website\",\"url\":\"https:\/\/vilafames.org\/\",\"name\":\"Web de l'Ajuntament de Vilafam\u00e9s\",\"description\":\"Web de l&#039;Ajuntament de Vilafam\u00e9s\",\"publisher\":{\"@id\":\"https:\/\/vilafames.org\/#organization\"},\"potentialAction\":[{\"@type\":\"SearchAction\",\"target\":{\"@type\":\"EntryPoint\",\"urlTemplate\":\"https:\/\/vilafames.org\/?s={search_term_string}\"},\"query-input\":{\"@type\":\"PropertyValueSpecification\",\"valueRequired\":true,\"valueName\":\"search_term_string\"}}],\"inLanguage\":\"es\"},{\"@type\":\"Organization\",\"@id\":\"https:\/\/vilafames.org\/#organization\",\"name\":\"Web de l'Ajuntament de Vilafam\u00e9s\",\"url\":\"https:\/\/vilafames.org\/\",\"logo\":{\"@type\":\"ImageObject\",\"inLanguage\":\"es\",\"@id\":\"https:\/\/vilafames.org\/#\/schema\/logo\/image\/\",\"url\":\"https:\/\/vilafames.org\/wp-content\/uploads\/cropped-marca_v_rgb-1-1.png\",\"contentUrl\":\"https:\/\/vilafames.org\/wp-content\/uploads\/cropped-marca_v_rgb-1-1.png\",\"width\":558,\"height\":269,\"caption\":\"Web de l'Ajuntament de Vilafam\u00e9s\"},\"image\":{\"@id\":\"https:\/\/vilafames.org\/#\/schema\/logo\/image\/\"},\"sameAs\":[\"https:\/\/www.facebook.com\/AjuntamentVilafames\",\"https:\/\/x.com\/ajtvilafames\",\"https:\/\/www.instagram.com\/ajuntamentvilafames\/\",\"https:\/\/www.youtube.com\/channel\/UCjXWt3n8FHiahgKqHZWOTXQ\"]},{\"@type\":\"Person\",\"@id\":\"https:\/\/vilafames.org\/#\/schema\/person\/401579137df63da0da256a349addf0f0\",\"name\":\"vilafames\",\"url\":\"https:\/\/vilafames.org\/es\/author\/vilafames\/\"}]}<\/script>\n<!-- \/ Yoast SEO plugin. -->","yoast_head_json":{"title":"[:ca]Concert en honor a Sant Isidre a Vilafam\u00e9s[:es]Concierto en honor a San Isidro en Vilafam\u00e9s[:] - Web de l&#039;Ajuntament de Vilafam\u00e9s","robots":{"index":"index","follow":"follow","max-snippet":"max-snippet:-1","max-image-preview":"max-image-preview:large","max-video-preview":"max-video-preview:-1"},"canonical":"https:\/\/vilafames.org\/concert-en-honor-a-sant-isidre-a-vilafames\/","og_locale":"es_ES","og_type":"article","og_title":"[:ca]Concert en honor a Sant Isidre a Vilafam\u00e9s[:es]Concierto en honor a San Isidro en Vilafam\u00e9s[:] - Web de l&#039;Ajuntament de Vilafam\u00e9s","og_description":"Caixa Rural Vilafam\u00e9s y la Cooperativa Agr\u00edcola San Isidro celebraron la festividad del patr\u00f3n con un concierto al aire libre en la plaza Hermanas Mas, en el que colabor\u00f3 tambi\u00e9n el Ayuntamiento de la localidad. La Banda de M\u00fasica de la Asociaci\u00f3n Cultural La Roca interpret\u00f3 las piezas musicales, con un repertorio que finaliz\u00f3 con [&hellip;]","og_url":"https:\/\/vilafames.org\/concert-en-honor-a-sant-isidre-a-vilafames\/","og_site_name":"Web de l&#039;Ajuntament de Vilafam\u00e9s","article_publisher":"https:\/\/www.facebook.com\/AjuntamentVilafames","article_published_time":"2022-05-17T06:43:48+00:00","og_image":[{"width":2400,"height":1600,"url":"https:\/\/vilafames.org\/wp-content\/uploads\/Concer-per-Sant-Isidre-3.jpg","type":"image\/jpeg"}],"author":"vilafames","twitter_card":"summary_large_image","twitter_creator":"@ajtvilafames","twitter_site":"@ajtvilafames","twitter_misc":{"Escrito por":"vilafames","Tiempo de lectura":"1 minuto"},"schema":{"@context":"https:\/\/schema.org","@graph":[{"@type":"Article","@id":"https:\/\/vilafames.org\/concert-en-honor-a-sant-isidre-a-vilafames\/#article","isPartOf":{"@id":"https:\/\/vilafames.org\/concert-en-honor-a-sant-isidre-a-vilafames\/"},"author":{"name":"vilafames","@id":"https:\/\/vilafames.org\/#\/schema\/person\/401579137df63da0da256a349addf0f0"},"headline":"Concierto en honor a San Isidro en Vilafam\u00e9s","datePublished":"2022-05-17T06:43:48+00:00","mainEntityOfPage":{"@id":"https:\/\/vilafames.org\/concert-en-honor-a-sant-isidre-a-vilafames\/"},"wordCount":300,"publisher":{"@id":"https:\/\/vilafames.org\/#organization"},"image":{"@id":"https:\/\/vilafames.org\/concert-en-honor-a-sant-isidre-a-vilafames\/#primaryimage"},"thumbnailUrl":"https:\/\/vilafames.org\/wp-content\/uploads\/Concer-per-Sant-Isidre-3.jpg","keywords":["Caixa Rural","Concert de m\u00fasica","Cooperativa Agr\u00edcola","La Roca Vilafam\u00e9s","Sant Isidre"],"articleSection":["Ayuntamiento","Noticias"],"inLanguage":"es"},{"@type":"WebPage","@id":"https:\/\/vilafames.org\/concert-en-honor-a-sant-isidre-a-vilafames\/","url":"https:\/\/vilafames.org\/concert-en-honor-a-sant-isidre-a-vilafames\/","name":"[:ca]Concert en honor a Sant Isidre a Vilafam\u00e9s[:es]Concierto en honor a San Isidro en Vilafam\u00e9s[:] - Web de l&#039;Ajuntament de Vilafam\u00e9s","isPartOf":{"@id":"https:\/\/vilafames.org\/#website"},"primaryImageOfPage":{"@id":"https:\/\/vilafames.org\/concert-en-honor-a-sant-isidre-a-vilafames\/#primaryimage"},"image":{"@id":"https:\/\/vilafames.org\/concert-en-honor-a-sant-isidre-a-vilafames\/#primaryimage"},"thumbnailUrl":"https:\/\/vilafames.org\/wp-content\/uploads\/Concer-per-Sant-Isidre-3.jpg","datePublished":"2022-05-17T06:43:48+00:00","breadcrumb":{"@id":"https:\/\/vilafames.org\/concert-en-honor-a-sant-isidre-a-vilafames\/#breadcrumb"},"inLanguage":"es","potentialAction":[{"@type":"ReadAction","target":["https:\/\/vilafames.org\/concert-en-honor-a-sant-isidre-a-vilafames\/"]}]},{"@type":"ImageObject","inLanguage":"es","@id":"https:\/\/vilafames.org\/concert-en-honor-a-sant-isidre-a-vilafames\/#primaryimage","url":"https:\/\/vilafames.org\/wp-content\/uploads\/Concer-per-Sant-Isidre-3.jpg","contentUrl":"https:\/\/vilafames.org\/wp-content\/uploads\/Concer-per-Sant-Isidre-3.jpg","width":2400,"height":1600},{"@type":"BreadcrumbList","@id":"https:\/\/vilafames.org\/concert-en-honor-a-sant-isidre-a-vilafames\/#breadcrumb","itemListElement":[{"@type":"ListItem","position":1,"name":"Inici","item":"https:\/\/vilafames.org\/"},{"@type":"ListItem","position":2,"name":"Concert en honor a Sant Isidre a Vilafam\u00e9s"}]},{"@type":"WebSite","@id":"https:\/\/vilafames.org\/#website","url":"https:\/\/vilafames.org\/","name":"Web de l'Ajuntament de Vilafam\u00e9s","description":"Web de l&#039;Ajuntament de Vilafam\u00e9s","publisher":{"@id":"https:\/\/vilafames.org\/#organization"},"potentialAction":[{"@type":"SearchAction","target":{"@type":"EntryPoint","urlTemplate":"https:\/\/vilafames.org\/?s={search_term_string}"},"query-input":{"@type":"PropertyValueSpecification","valueRequired":true,"valueName":"search_term_string"}}],"inLanguage":"es"},{"@type":"Organization","@id":"https:\/\/vilafames.org\/#organization","name":"Web de l'Ajuntament de Vilafam\u00e9s","url":"https:\/\/vilafames.org\/","logo":{"@type":"ImageObject","inLanguage":"es","@id":"https:\/\/vilafames.org\/#\/schema\/logo\/image\/","url":"https:\/\/vilafames.org\/wp-content\/uploads\/cropped-marca_v_rgb-1-1.png","contentUrl":"https:\/\/vilafames.org\/wp-content\/uploads\/cropped-marca_v_rgb-1-1.png","width":558,"height":269,"caption":"Web de l'Ajuntament de Vilafam\u00e9s"},"image":{"@id":"https:\/\/vilafames.org\/#\/schema\/logo\/image\/"},"sameAs":["https:\/\/www.facebook.com\/AjuntamentVilafames","https:\/\/x.com\/ajtvilafames","https:\/\/www.instagram.com\/ajuntamentvilafames\/","https:\/\/www.youtube.com\/channel\/UCjXWt3n8FHiahgKqHZWOTXQ"]},{"@type":"Person","@id":"https:\/\/vilafames.org\/#\/schema\/person\/401579137df63da0da256a349addf0f0","name":"vilafames","url":"https:\/\/vilafames.org\/es\/author\/vilafames\/"}]}},"_links":{"self":[{"href":"https:\/\/vilafames.org\/es\/wp-json\/wp\/v2\/posts\/8437","targetHints":{"allow":["GET"]}}],"collection":[{"href":"https:\/\/vilafames.org\/es\/wp-json\/wp\/v2\/posts"}],"about":[{"href":"https:\/\/vilafames.org\/es\/wp-json\/wp\/v2\/types\/post"}],"author":[{"embeddable":true,"href":"https:\/\/vilafames.org\/es\/wp-json\/wp\/v2\/users\/3"}],"replies":[{"embeddable":true,"href":"https:\/\/vilafames.org\/es\/wp-json\/wp\/v2\/comments?post=8437"}],"version-history":[{"count":0,"href":"https:\/\/vilafames.org\/es\/wp-json\/wp\/v2\/posts\/8437\/revisions"}],"wp:featuredmedia":[{"embeddable":true,"href":"https:\/\/vilafames.org\/es\/wp-json\/wp\/v2\/media\/8438"}],"wp:attachment":[{"href":"https:\/\/vilafames.org\/es\/wp-json\/wp\/v2\/media?parent=8437"}],"wp:term":[{"taxonomy":"category","embeddable":true,"href":"https:\/\/vilafames.org\/es\/wp-json\/wp\/v2\/categories?post=8437"},{"taxonomy":"post_tag","embeddable":true,"href":"https:\/\/vilafames.org\/es\/wp-json\/wp\/v2\/tags?post=8437"}],"curies":[{"name":"wp","href":"https:\/\/api.w.org\/{rel}","templated":true}]}}