{"id":5878,"date":"2019-05-17T11:44:02","date_gmt":"2019-05-17T09:44:02","guid":{"rendered":"http:\/\/vilafames.org\/?p=5878"},"modified":"2019-05-17T11:44:02","modified_gmt":"2019-05-17T09:44:02","slug":"vilafames-celebra-el-dia-internacional-dels-museus-amb-lexposicio-els-museus-com-a-eixos-culturals-el-futur-de-la-tradicio","status":"publish","type":"post","link":"https:\/\/vilafames.org\/es\/vilafames-celebra-el-dia-internacional-dels-museus-amb-lexposicio-els-museus-com-a-eixos-culturals-el-futur-de-la-tradicio\/","title":{"rendered":"Vilafam\u00e9s celebra el D\u00eda Internacional de los Museos con la exposici\u00f3n &#8216;Los museos como ejes culturales: el futuro de la tradici\u00f3n&#8217;"},"content":{"rendered":"<p>El Museo de Arte Contempor\u00e1neo Vicente Aguilera Cerni de Vilafam\u00e9s (MACVAC) se une un a\u00f1o m\u00e1s a la celebraci\u00f3n del D\u00eda Internacional de los Museos, que se conmemora el pr\u00f3ximo s\u00e1bado d\u00eda 18 de mayo. La pinacoteca ha programado para esta jornada la inauguraci\u00f3n de la exposici\u00f3n \u201cLos museos como esos culturales: el futuro de la tradici\u00f3n\u201d, una muestra con la cual se celebra los 50 a\u00f1os de la firma del acta fundacional del MACVAC, que tuvo lugar el 28 de agosto de 1969.<\/p>\n<p><!--more--><\/p>\n<p>El objetivo de la exposici\u00f3n es honrar la colecci\u00f3n del Museo, su historia y su legado a la vez que reivindicamos una nueva relevancia para un p\u00fablico contempor\u00e1neo y global cada vez m\u00e1s diverso. Para llevar a cabo la muestra, se han seleccionado pinturas de aquellos primeros artistas que en 1969 expusieron por primera vez en Vilafam\u00e9s, acompa\u00f1adas de algunas de las obras preferidas del fundador del MACVAC, Vicente Aguilera Cerni y una selecci\u00f3n de in\u00e9ditas pertenecientes a su correspondencia privada.<\/p>\n<p>Al mismo tiempo, y tambi\u00e9n con motivo del D\u00eda Internacional de los Museos, se ha organizado una velada musical en el patio del Palau del Batle, a cargo del cantante Salva Esteve, que tiene como t\u00edtulo \u00abFets no resolts. Can\u00e7ons d&#8217;un temps passat\u00bb. La actuaci\u00f3n se centrar\u00e1 en la m\u00fasica y las canciones de los a\u00f1os 60 y principios de los 70, que, al igual que el Museo, supusieron un grito de libertado frente a los sistemas opresores en diferentes pa\u00edses del mundo y que en muchas ocasiones se han convertido en himnos.","protected":false},"excerpt":{"rendered":"<p>Disculpa, pero esta entrada est\u00e1 disponible s\u00f3lo en Valenciano:, : y %.<\/p>\n","protected":false},"author":3,"featured_media":5852,"comment_status":"closed","ping_status":"open","sticky":false,"template":"","format":"standard","meta":{"footnotes":""},"categories":[1],"tags":[],"class_list":["post-5878","post","type-post","status-publish","format-standard","has-post-thumbnail","hentry","category-noticies"],"yoast_head":"<!-- This site is optimized with the Yoast SEO plugin v24.8.1 - https:\/\/yoast.com\/wordpress\/plugins\/seo\/ -->\n<title>Vilafam\u00e9s celebra el D\u00eda Internacional de los Museos con la exposici\u00f3n &#039;Los museos como ejes culturales: el futuro de la tradici\u00f3n&#039;  - Web de l&#039;Ajuntament de Vilafam\u00e9s<\/title>\n<meta name=\"robots\" content=\"index, follow, max-snippet:-1, max-image-preview:large, max-video-preview:-1\" \/>\n<link rel=\"canonical\" href=\"https:\/\/vilafames.org\/vilafames-celebra-el-dia-internacional-dels-museus-amb-lexposicio-els-museus-com-a-eixos-culturals-el-futur-de-la-tradicio\/\" \/>\n<meta property=\"og:locale\" content=\"es_ES\" \/>\n<meta property=\"og:type\" content=\"article\" \/>\n<meta property=\"og:title\" content=\"[:ca]Vilafam\u00e9s celebra el Dia Internacional dels Museus amb l&#039;exposici\u00f3 &#039;Els museus com a eixos culturals: el futur de la tradici\u00f3&#039;[:es] Vilafam\u00e9s celebra el D\u00eda Internacional de los Museos con la exposici\u00f3n &#039;Los museos como ejes culturales: el futuro de la tradici\u00f3n&#039; [:] - Web de l&#039;Ajuntament de Vilafam\u00e9s\" \/>\n<meta property=\"og:description\" content=\"Disculpa, pero esta entrada est\u00e1 disponible s\u00f3lo en Valenciano:, : y %.\" \/>\n<meta property=\"og:url\" content=\"https:\/\/vilafames.org\/vilafames-celebra-el-dia-internacional-dels-museus-amb-lexposicio-els-museus-com-a-eixos-culturals-el-futur-de-la-tradicio\/\" \/>\n<meta property=\"og:site_name\" content=\"Web de l&#039;Ajuntament de Vilafam\u00e9s\" \/>\n<meta property=\"article:publisher\" content=\"https:\/\/www.facebook.com\/AjuntamentVilafames\" \/>\n<meta property=\"article:published_time\" content=\"2019-05-17T09:44:02+00:00\" \/>\n<meta property=\"og:image\" content=\"https:\/\/vilafames.org\/wp-content\/uploads\/IMG-20190515-WA0005-1.jpg\" \/>\n\t<meta property=\"og:image:width\" content=\"720\" \/>\n\t<meta property=\"og:image:height\" content=\"1009\" \/>\n\t<meta property=\"og:image:type\" content=\"image\/jpeg\" \/>\n<meta name=\"author\" content=\"vilafames\" \/>\n<meta name=\"twitter:card\" content=\"summary_large_image\" \/>\n<meta name=\"twitter:creator\" content=\"@ajtvilafames\" \/>\n<meta name=\"twitter:site\" content=\"@ajtvilafames\" \/>\n<meta name=\"twitter:label1\" content=\"Escrito por\" \/>\n\t<meta name=\"twitter:data1\" content=\"vilafames\" \/>\n\t<meta name=\"twitter:label2\" content=\"Tiempo de lectura\" \/>\n\t<meta name=\"twitter:data2\" content=\"3 minutos\" \/>\n<script type=\"application\/ld+json\" class=\"yoast-schema-graph\">{\"@context\":\"https:\/\/schema.org\",\"@graph\":[{\"@type\":\"Article\",\"@id\":\"https:\/\/vilafames.org\/vilafames-celebra-el-dia-internacional-dels-museus-amb-lexposicio-els-museus-com-a-eixos-culturals-el-futur-de-la-tradicio\/#article\",\"isPartOf\":{\"@id\":\"https:\/\/vilafames.org\/vilafames-celebra-el-dia-internacional-dels-museus-amb-lexposicio-els-museus-com-a-eixos-culturals-el-futur-de-la-tradicio\/\"},\"author\":{\"name\":\"vilafames\",\"@id\":\"https:\/\/vilafames.org\/#\/schema\/person\/401579137df63da0da256a349addf0f0\"},\"headline\":\"Vilafam\u00e9s celebra el D\u00eda Internacional de los Museos con la exposici\u00f3n &#8216;Los museos como ejes culturales: el futuro de la tradici\u00f3n&#8217;\",\"datePublished\":\"2019-05-17T09:44:02+00:00\",\"mainEntityOfPage\":{\"@id\":\"https:\/\/vilafames.org\/vilafames-celebra-el-dia-internacional-dels-museus-amb-lexposicio-els-museus-com-a-eixos-culturals-el-futur-de-la-tradicio\/\"},\"wordCount\":593,\"publisher\":{\"@id\":\"https:\/\/vilafames.org\/#organization\"},\"image\":{\"@id\":\"https:\/\/vilafames.org\/vilafames-celebra-el-dia-internacional-dels-museus-amb-lexposicio-els-museus-com-a-eixos-culturals-el-futur-de-la-tradicio\/#primaryimage\"},\"thumbnailUrl\":\"https:\/\/vilafames.org\/wp-content\/uploads\/IMG-20190515-WA0005-1.jpg\",\"articleSection\":[\"Noticias\"],\"inLanguage\":\"es\"},{\"@type\":\"WebPage\",\"@id\":\"https:\/\/vilafames.org\/vilafames-celebra-el-dia-internacional-dels-museus-amb-lexposicio-els-museus-com-a-eixos-culturals-el-futur-de-la-tradicio\/\",\"url\":\"https:\/\/vilafames.org\/vilafames-celebra-el-dia-internacional-dels-museus-amb-lexposicio-els-museus-com-a-eixos-culturals-el-futur-de-la-tradicio\/\",\"name\":\"[:ca]Vilafam\u00e9s celebra el Dia Internacional dels Museus amb l'exposici\u00f3 'Els museus com a eixos culturals: el futur de la tradici\u00f3'[:es] Vilafam\u00e9s celebra el D\u00eda Internacional de los Museos con la exposici\u00f3n 'Los museos como ejes culturales: el futuro de la tradici\u00f3n' [:] - Web de l&#039;Ajuntament de Vilafam\u00e9s\",\"isPartOf\":{\"@id\":\"https:\/\/vilafames.org\/#website\"},\"primaryImageOfPage\":{\"@id\":\"https:\/\/vilafames.org\/vilafames-celebra-el-dia-internacional-dels-museus-amb-lexposicio-els-museus-com-a-eixos-culturals-el-futur-de-la-tradicio\/#primaryimage\"},\"image\":{\"@id\":\"https:\/\/vilafames.org\/vilafames-celebra-el-dia-internacional-dels-museus-amb-lexposicio-els-museus-com-a-eixos-culturals-el-futur-de-la-tradicio\/#primaryimage\"},\"thumbnailUrl\":\"https:\/\/vilafames.org\/wp-content\/uploads\/IMG-20190515-WA0005-1.jpg\",\"datePublished\":\"2019-05-17T09:44:02+00:00\",\"breadcrumb\":{\"@id\":\"https:\/\/vilafames.org\/vilafames-celebra-el-dia-internacional-dels-museus-amb-lexposicio-els-museus-com-a-eixos-culturals-el-futur-de-la-tradicio\/#breadcrumb\"},\"inLanguage\":\"es\",\"potentialAction\":[{\"@type\":\"ReadAction\",\"target\":[\"https:\/\/vilafames.org\/vilafames-celebra-el-dia-internacional-dels-museus-amb-lexposicio-els-museus-com-a-eixos-culturals-el-futur-de-la-tradicio\/\"]}]},{\"@type\":\"ImageObject\",\"inLanguage\":\"es\",\"@id\":\"https:\/\/vilafames.org\/vilafames-celebra-el-dia-internacional-dels-museus-amb-lexposicio-els-museus-com-a-eixos-culturals-el-futur-de-la-tradicio\/#primaryimage\",\"url\":\"https:\/\/vilafames.org\/wp-content\/uploads\/IMG-20190515-WA0005-1.jpg\",\"contentUrl\":\"https:\/\/vilafames.org\/wp-content\/uploads\/IMG-20190515-WA0005-1.jpg\",\"width\":720,\"height\":1009},{\"@type\":\"BreadcrumbList\",\"@id\":\"https:\/\/vilafames.org\/vilafames-celebra-el-dia-internacional-dels-museus-amb-lexposicio-els-museus-com-a-eixos-culturals-el-futur-de-la-tradicio\/#breadcrumb\",\"itemListElement\":[{\"@type\":\"ListItem\",\"position\":1,\"name\":\"Inici\",\"item\":\"https:\/\/vilafames.org\/\"},{\"@type\":\"ListItem\",\"position\":2,\"name\":\"Vilafam\u00e9s celebra el Dia Internacional dels Museus amb l&#8217;exposici\u00f3 &#8216;Els museus com a eixos culturals: el futur de la tradici\u00f3'\"}]},{\"@type\":\"WebSite\",\"@id\":\"https:\/\/vilafames.org\/#website\",\"url\":\"https:\/\/vilafames.org\/\",\"name\":\"Web de l'Ajuntament de Vilafam\u00e9s\",\"description\":\"Web de l&#039;Ajuntament de Vilafam\u00e9s\",\"publisher\":{\"@id\":\"https:\/\/vilafames.org\/#organization\"},\"potentialAction\":[{\"@type\":\"SearchAction\",\"target\":{\"@type\":\"EntryPoint\",\"urlTemplate\":\"https:\/\/vilafames.org\/?s={search_term_string}\"},\"query-input\":{\"@type\":\"PropertyValueSpecification\",\"valueRequired\":true,\"valueName\":\"search_term_string\"}}],\"inLanguage\":\"es\"},{\"@type\":\"Organization\",\"@id\":\"https:\/\/vilafames.org\/#organization\",\"name\":\"Web de l'Ajuntament de Vilafam\u00e9s\",\"url\":\"https:\/\/vilafames.org\/\",\"logo\":{\"@type\":\"ImageObject\",\"inLanguage\":\"es\",\"@id\":\"https:\/\/vilafames.org\/#\/schema\/logo\/image\/\",\"url\":\"https:\/\/vilafames.org\/wp-content\/uploads\/cropped-marca_v_rgb-1-1.png\",\"contentUrl\":\"https:\/\/vilafames.org\/wp-content\/uploads\/cropped-marca_v_rgb-1-1.png\",\"width\":558,\"height\":269,\"caption\":\"Web de l'Ajuntament de Vilafam\u00e9s\"},\"image\":{\"@id\":\"https:\/\/vilafames.org\/#\/schema\/logo\/image\/\"},\"sameAs\":[\"https:\/\/www.facebook.com\/AjuntamentVilafames\",\"https:\/\/x.com\/ajtvilafames\",\"https:\/\/www.instagram.com\/ajuntamentvilafames\/\",\"https:\/\/www.youtube.com\/channel\/UCjXWt3n8FHiahgKqHZWOTXQ\"]},{\"@type\":\"Person\",\"@id\":\"https:\/\/vilafames.org\/#\/schema\/person\/401579137df63da0da256a349addf0f0\",\"name\":\"vilafames\",\"url\":\"https:\/\/vilafames.org\/es\/author\/vilafames\/\"}]}<\/script>\n<!-- \/ Yoast SEO plugin. -->","yoast_head_json":{"title":"[:ca]Vilafam\u00e9s celebra el Dia Internacional dels Museus amb l'exposici\u00f3 'Els museus com a eixos culturals: el futur de la tradici\u00f3'[:es] Vilafam\u00e9s celebra el D\u00eda Internacional de los Museos con la exposici\u00f3n 'Los museos como ejes culturales: el futuro de la tradici\u00f3n' [:] - Web de l&#039;Ajuntament de Vilafam\u00e9s","robots":{"index":"index","follow":"follow","max-snippet":"max-snippet:-1","max-image-preview":"max-image-preview:large","max-video-preview":"max-video-preview:-1"},"canonical":"https:\/\/vilafames.org\/vilafames-celebra-el-dia-internacional-dels-museus-amb-lexposicio-els-museus-com-a-eixos-culturals-el-futur-de-la-tradicio\/","og_locale":"es_ES","og_type":"article","og_title":"[:ca]Vilafam\u00e9s celebra el Dia Internacional dels Museus amb l'exposici\u00f3 'Els museus com a eixos culturals: el futur de la tradici\u00f3'[:es] Vilafam\u00e9s celebra el D\u00eda Internacional de los Museos con la exposici\u00f3n 'Los museos como ejes culturales: el futuro de la tradici\u00f3n' [:] - Web de l&#039;Ajuntament de Vilafam\u00e9s","og_description":"Disculpa, pero esta entrada est\u00e1 disponible s\u00f3lo en Valenciano:, : y %.","og_url":"https:\/\/vilafames.org\/vilafames-celebra-el-dia-internacional-dels-museus-amb-lexposicio-els-museus-com-a-eixos-culturals-el-futur-de-la-tradicio\/","og_site_name":"Web de l&#039;Ajuntament de Vilafam\u00e9s","article_publisher":"https:\/\/www.facebook.com\/AjuntamentVilafames","article_published_time":"2019-05-17T09:44:02+00:00","og_image":[{"width":720,"height":1009,"url":"https:\/\/vilafames.org\/wp-content\/uploads\/IMG-20190515-WA0005-1.jpg","type":"image\/jpeg"}],"author":"vilafames","twitter_card":"summary_large_image","twitter_creator":"@ajtvilafames","twitter_site":"@ajtvilafames","twitter_misc":{"Escrito por":"vilafames","Tiempo de lectura":"3 minutos"},"schema":{"@context":"https:\/\/schema.org","@graph":[{"@type":"Article","@id":"https:\/\/vilafames.org\/vilafames-celebra-el-dia-internacional-dels-museus-amb-lexposicio-els-museus-com-a-eixos-culturals-el-futur-de-la-tradicio\/#article","isPartOf":{"@id":"https:\/\/vilafames.org\/vilafames-celebra-el-dia-internacional-dels-museus-amb-lexposicio-els-museus-com-a-eixos-culturals-el-futur-de-la-tradicio\/"},"author":{"name":"vilafames","@id":"https:\/\/vilafames.org\/#\/schema\/person\/401579137df63da0da256a349addf0f0"},"headline":"Vilafam\u00e9s celebra el D\u00eda Internacional de los Museos con la exposici\u00f3n &#8216;Los museos como ejes culturales: el futuro de la tradici\u00f3n&#8217;","datePublished":"2019-05-17T09:44:02+00:00","mainEntityOfPage":{"@id":"https:\/\/vilafames.org\/vilafames-celebra-el-dia-internacional-dels-museus-amb-lexposicio-els-museus-com-a-eixos-culturals-el-futur-de-la-tradicio\/"},"wordCount":593,"publisher":{"@id":"https:\/\/vilafames.org\/#organization"},"image":{"@id":"https:\/\/vilafames.org\/vilafames-celebra-el-dia-internacional-dels-museus-amb-lexposicio-els-museus-com-a-eixos-culturals-el-futur-de-la-tradicio\/#primaryimage"},"thumbnailUrl":"https:\/\/vilafames.org\/wp-content\/uploads\/IMG-20190515-WA0005-1.jpg","articleSection":["Noticias"],"inLanguage":"es"},{"@type":"WebPage","@id":"https:\/\/vilafames.org\/vilafames-celebra-el-dia-internacional-dels-museus-amb-lexposicio-els-museus-com-a-eixos-culturals-el-futur-de-la-tradicio\/","url":"https:\/\/vilafames.org\/vilafames-celebra-el-dia-internacional-dels-museus-amb-lexposicio-els-museus-com-a-eixos-culturals-el-futur-de-la-tradicio\/","name":"[:ca]Vilafam\u00e9s celebra el Dia Internacional dels Museus amb l'exposici\u00f3 'Els museus com a eixos culturals: el futur de la tradici\u00f3'[:es] Vilafam\u00e9s celebra el D\u00eda Internacional de los Museos con la exposici\u00f3n 'Los museos como ejes culturales: el futuro de la tradici\u00f3n' [:] - Web de l&#039;Ajuntament de Vilafam\u00e9s","isPartOf":{"@id":"https:\/\/vilafames.org\/#website"},"primaryImageOfPage":{"@id":"https:\/\/vilafames.org\/vilafames-celebra-el-dia-internacional-dels-museus-amb-lexposicio-els-museus-com-a-eixos-culturals-el-futur-de-la-tradicio\/#primaryimage"},"image":{"@id":"https:\/\/vilafames.org\/vilafames-celebra-el-dia-internacional-dels-museus-amb-lexposicio-els-museus-com-a-eixos-culturals-el-futur-de-la-tradicio\/#primaryimage"},"thumbnailUrl":"https:\/\/vilafames.org\/wp-content\/uploads\/IMG-20190515-WA0005-1.jpg","datePublished":"2019-05-17T09:44:02+00:00","breadcrumb":{"@id":"https:\/\/vilafames.org\/vilafames-celebra-el-dia-internacional-dels-museus-amb-lexposicio-els-museus-com-a-eixos-culturals-el-futur-de-la-tradicio\/#breadcrumb"},"inLanguage":"es","potentialAction":[{"@type":"ReadAction","target":["https:\/\/vilafames.org\/vilafames-celebra-el-dia-internacional-dels-museus-amb-lexposicio-els-museus-com-a-eixos-culturals-el-futur-de-la-tradicio\/"]}]},{"@type":"ImageObject","inLanguage":"es","@id":"https:\/\/vilafames.org\/vilafames-celebra-el-dia-internacional-dels-museus-amb-lexposicio-els-museus-com-a-eixos-culturals-el-futur-de-la-tradicio\/#primaryimage","url":"https:\/\/vilafames.org\/wp-content\/uploads\/IMG-20190515-WA0005-1.jpg","contentUrl":"https:\/\/vilafames.org\/wp-content\/uploads\/IMG-20190515-WA0005-1.jpg","width":720,"height":1009},{"@type":"BreadcrumbList","@id":"https:\/\/vilafames.org\/vilafames-celebra-el-dia-internacional-dels-museus-amb-lexposicio-els-museus-com-a-eixos-culturals-el-futur-de-la-tradicio\/#breadcrumb","itemListElement":[{"@type":"ListItem","position":1,"name":"Inici","item":"https:\/\/vilafames.org\/"},{"@type":"ListItem","position":2,"name":"Vilafam\u00e9s celebra el Dia Internacional dels Museus amb l&#8217;exposici\u00f3 &#8216;Els museus com a eixos culturals: el futur de la tradici\u00f3'"}]},{"@type":"WebSite","@id":"https:\/\/vilafames.org\/#website","url":"https:\/\/vilafames.org\/","name":"Web de l'Ajuntament de Vilafam\u00e9s","description":"Web de l&#039;Ajuntament de Vilafam\u00e9s","publisher":{"@id":"https:\/\/vilafames.org\/#organization"},"potentialAction":[{"@type":"SearchAction","target":{"@type":"EntryPoint","urlTemplate":"https:\/\/vilafames.org\/?s={search_term_string}"},"query-input":{"@type":"PropertyValueSpecification","valueRequired":true,"valueName":"search_term_string"}}],"inLanguage":"es"},{"@type":"Organization","@id":"https:\/\/vilafames.org\/#organization","name":"Web de l'Ajuntament de Vilafam\u00e9s","url":"https:\/\/vilafames.org\/","logo":{"@type":"ImageObject","inLanguage":"es","@id":"https:\/\/vilafames.org\/#\/schema\/logo\/image\/","url":"https:\/\/vilafames.org\/wp-content\/uploads\/cropped-marca_v_rgb-1-1.png","contentUrl":"https:\/\/vilafames.org\/wp-content\/uploads\/cropped-marca_v_rgb-1-1.png","width":558,"height":269,"caption":"Web de l'Ajuntament de Vilafam\u00e9s"},"image":{"@id":"https:\/\/vilafames.org\/#\/schema\/logo\/image\/"},"sameAs":["https:\/\/www.facebook.com\/AjuntamentVilafames","https:\/\/x.com\/ajtvilafames","https:\/\/www.instagram.com\/ajuntamentvilafames\/","https:\/\/www.youtube.com\/channel\/UCjXWt3n8FHiahgKqHZWOTXQ"]},{"@type":"Person","@id":"https:\/\/vilafames.org\/#\/schema\/person\/401579137df63da0da256a349addf0f0","name":"vilafames","url":"https:\/\/vilafames.org\/es\/author\/vilafames\/"}]}},"_links":{"self":[{"href":"https:\/\/vilafames.org\/es\/wp-json\/wp\/v2\/posts\/5878","targetHints":{"allow":["GET"]}}],"collection":[{"href":"https:\/\/vilafames.org\/es\/wp-json\/wp\/v2\/posts"}],"about":[{"href":"https:\/\/vilafames.org\/es\/wp-json\/wp\/v2\/types\/post"}],"author":[{"embeddable":true,"href":"https:\/\/vilafames.org\/es\/wp-json\/wp\/v2\/users\/3"}],"replies":[{"embeddable":true,"href":"https:\/\/vilafames.org\/es\/wp-json\/wp\/v2\/comments?post=5878"}],"version-history":[{"count":0,"href":"https:\/\/vilafames.org\/es\/wp-json\/wp\/v2\/posts\/5878\/revisions"}],"wp:featuredmedia":[{"embeddable":true,"href":"https:\/\/vilafames.org\/es\/wp-json\/wp\/v2\/media\/5852"}],"wp:attachment":[{"href":"https:\/\/vilafames.org\/es\/wp-json\/wp\/v2\/media?parent=5878"}],"wp:term":[{"taxonomy":"category","embeddable":true,"href":"https:\/\/vilafames.org\/es\/wp-json\/wp\/v2\/categories?post=5878"},{"taxonomy":"post_tag","embeddable":true,"href":"https:\/\/vilafames.org\/es\/wp-json\/wp\/v2\/tags?post=5878"}],"curies":[{"name":"wp","href":"https:\/\/api.w.org\/{rel}","templated":true}]}}