{"id":5528,"date":"2019-03-05T17:13:51","date_gmt":"2019-03-05T16:13:51","guid":{"rendered":"http:\/\/vilafames.org\/?p=5528"},"modified":"2019-03-05T17:13:51","modified_gmt":"2019-03-05T16:13:51","slug":"els-mestres-de-vilafames-es-reuneixen-amb-el-conseller-marza","status":"publish","type":"post","link":"https:\/\/vilafames.org\/es\/els-mestres-de-vilafames-es-reuneixen-amb-el-conseller-marza\/","title":{"rendered":"Las maestras de Vilafam\u00e9s se re\u00fanen el conseller Marz\u00e0"},"content":{"rendered":"<p>Las maestras del CEIP San Miquel, el alcalde de Vilafam\u00e9s, Abel Ib\u00e1\u00f1ez y los regidores de Urbanismo, Sergi Trilles, y de Educaci\u00f3n, Pablo Juan Verdoy, se reunieron con conseller de Educaci\u00f3n y Cultura, Vicent Marz\u00e0, para mostrarle las diferentes acciones que se han llevado a cabo en el centro educativo durante los \u00faltimos cuatro a\u00f1os. Durante la visita al colegio, el conseller comprob\u00f3 de primera mano la transformaci\u00f3n del centro, que lo ha convertido en una escuela m\u00e1s c\u00f3moda y atractiva para alumnas, maestras, padres y madres.<\/p>\n<p><!--more--><\/p>\n<p><img decoding=\"async\" class=\"aligncenter size-medium wp-image-5530 lazyload\" data-src=\"https:\/\/vilafames.corvanit.com\/wp-content\/uploads\/MG_3817-600x400.jpg\" alt=\"\" width=\"600\" height=\"400\" data-srcset=\"https:\/\/vilafames.org\/wp-content\/uploads\/MG_3817-600x400.jpg 600w, https:\/\/vilafames.org\/wp-content\/uploads\/MG_3817-768x512.jpg 768w, https:\/\/vilafames.org\/wp-content\/uploads\/MG_3817-1024x683.jpg 1024w\" data-sizes=\"(max-width: 600px) 100vw, 600px\" src=\"data:image\/gif;base64,R0lGODlhAQABAAAAACH5BAEKAAEALAAAAAABAAEAAAICTAEAOw==\" style=\"--smush-placeholder-width: 600px; --smush-placeholder-aspect-ratio: 600\/400;\" \/><\/p>\n<p>Entre las novedades m\u00e1s interesantes, se tiene que decir que el colegio de Vilafam\u00e9s estren\u00f3 el aula de 2 a\u00f1os hace un par de cursos, con 18 alumnos atendidos por una maestra y una educadora, y tambi\u00e9n que se han incorporado las becas de comedor y de transporte para los alumnos. Desde el principio, el centro est\u00e1 gestionando con normalidad el programa Xarxa Llibres, que no solo ahorra dinero a las familias sino que introduce en la educaci\u00f3n el valor de la reutilizaci\u00f3n de los materiales escolares.<\/p>\n<p><img decoding=\"async\" class=\"aligncenter size-medium wp-image-5531 lazyload\" data-src=\"https:\/\/vilafames.corvanit.com\/wp-content\/uploads\/MG_3823-600x400.jpg\" alt=\"\" width=\"600\" height=\"400\" data-srcset=\"https:\/\/vilafames.org\/wp-content\/uploads\/MG_3823-600x400.jpg 600w, https:\/\/vilafames.org\/wp-content\/uploads\/MG_3823-768x512.jpg 768w, https:\/\/vilafames.org\/wp-content\/uploads\/MG_3823-1024x683.jpg 1024w\" data-sizes=\"(max-width: 600px) 100vw, 600px\" src=\"data:image\/gif;base64,R0lGODlhAQABAAAAACH5BAEKAAEALAAAAAABAAEAAAICTAEAOw==\" style=\"--smush-placeholder-width: 600px; --smush-placeholder-aspect-ratio: 600\/400;\" \/><\/p>\n<p>Por lo que respecta a las obras de reforma y mantenimiento que se han realizado, se tiene que destacar la renovaci\u00f3n del tejado, del patio de Infantil y del patio de Primaria y la creaci\u00f3n de la nueva aula de 2 a\u00f1os, la biblioteca y los ba\u00f1os adaptados. Al mismo tiempo, se ha reparado la valla exterior y se ha vuelto a pintar todo el centro. Seg\u00fan el concejal de Educaci\u00f3n Pablo Juan, \u00abtodo lo que se ha hecho en la escuela durante este mandato por parte del Ayuntamiento y con el apoyo de la Conseller\u00eda de Educaci\u00f3n, hace que el n\u00famero de ni\u00f1os haya aumentado y que se practique una educaci\u00f3n m\u00e1s acogedora y segura, cosa que no era prioritario en las legislaturas anteriores\u00bb.","protected":false},"excerpt":{"rendered":"<p>Disculpa, pero esta entrada est\u00e1 disponible s\u00f3lo en Valenciano:, : y %.<\/p>\n","protected":false},"author":3,"featured_media":5529,"comment_status":"closed","ping_status":"open","sticky":false,"template":"","format":"standard","meta":{"footnotes":""},"categories":[1],"tags":[],"class_list":["post-5528","post","type-post","status-publish","format-standard","has-post-thumbnail","hentry","category-noticies"],"yoast_head":"<!-- This site is optimized with the Yoast SEO plugin v24.8.1 - https:\/\/yoast.com\/wordpress\/plugins\/seo\/ -->\n<title>Las maestras de Vilafam\u00e9s se re\u00fanen el conseller Marz\u00e0 - Web de l&#039;Ajuntament de Vilafam\u00e9s<\/title>\n<meta name=\"robots\" content=\"index, follow, max-snippet:-1, max-image-preview:large, max-video-preview:-1\" \/>\n<link rel=\"canonical\" href=\"https:\/\/vilafames.org\/els-mestres-de-vilafames-es-reuneixen-amb-el-conseller-marza\/\" \/>\n<meta property=\"og:locale\" content=\"es_ES\" \/>\n<meta property=\"og:type\" content=\"article\" \/>\n<meta property=\"og:title\" content=\"[:ca]Els mestres de Vilafam\u00e9s es reuneixen amb el conseller Marz\u00e0[:es]Las maestras de Vilafam\u00e9s se re\u00fanen el conseller Marz\u00e0[:] - Web de l&#039;Ajuntament de Vilafam\u00e9s\" \/>\n<meta property=\"og:description\" content=\"Disculpa, pero esta entrada est\u00e1 disponible s\u00f3lo en Valenciano:, : y %.\" \/>\n<meta property=\"og:url\" content=\"https:\/\/vilafames.org\/els-mestres-de-vilafames-es-reuneixen-amb-el-conseller-marza\/\" \/>\n<meta property=\"og:site_name\" content=\"Web de l&#039;Ajuntament de Vilafam\u00e9s\" \/>\n<meta property=\"article:publisher\" content=\"https:\/\/www.facebook.com\/AjuntamentVilafames\" \/>\n<meta property=\"article:published_time\" content=\"2019-03-05T16:13:51+00:00\" \/>\n<meta property=\"og:image\" content=\"https:\/\/vilafames.org\/wp-content\/uploads\/MG_3784.jpg\" \/>\n\t<meta property=\"og:image:width\" content=\"2400\" \/>\n\t<meta property=\"og:image:height\" content=\"1600\" \/>\n\t<meta property=\"og:image:type\" content=\"image\/jpeg\" \/>\n<meta name=\"author\" content=\"vilafames\" \/>\n<meta name=\"twitter:card\" content=\"summary_large_image\" \/>\n<meta name=\"twitter:creator\" content=\"@ajtvilafames\" \/>\n<meta name=\"twitter:site\" content=\"@ajtvilafames\" \/>\n<meta name=\"twitter:label1\" content=\"Escrito por\" \/>\n\t<meta name=\"twitter:data1\" content=\"vilafames\" \/>\n\t<meta name=\"twitter:label2\" content=\"Tiempo de lectura\" \/>\n\t<meta name=\"twitter:data2\" content=\"3 minutos\" \/>\n<script type=\"application\/ld+json\" class=\"yoast-schema-graph\">{\"@context\":\"https:\/\/schema.org\",\"@graph\":[{\"@type\":\"Article\",\"@id\":\"https:\/\/vilafames.org\/els-mestres-de-vilafames-es-reuneixen-amb-el-conseller-marza\/#article\",\"isPartOf\":{\"@id\":\"https:\/\/vilafames.org\/els-mestres-de-vilafames-es-reuneixen-amb-el-conseller-marza\/\"},\"author\":{\"name\":\"vilafames\",\"@id\":\"https:\/\/vilafames.org\/#\/schema\/person\/401579137df63da0da256a349addf0f0\"},\"headline\":\"Las maestras de Vilafam\u00e9s se re\u00fanen el conseller Marz\u00e0\",\"datePublished\":\"2019-03-05T16:13:51+00:00\",\"mainEntityOfPage\":{\"@id\":\"https:\/\/vilafames.org\/els-mestres-de-vilafames-es-reuneixen-amb-el-conseller-marza\/\"},\"wordCount\":641,\"publisher\":{\"@id\":\"https:\/\/vilafames.org\/#organization\"},\"image\":{\"@id\":\"https:\/\/vilafames.org\/els-mestres-de-vilafames-es-reuneixen-amb-el-conseller-marza\/#primaryimage\"},\"thumbnailUrl\":\"https:\/\/vilafames.org\/wp-content\/uploads\/MG_3784.jpg\",\"articleSection\":[\"Noticias\"],\"inLanguage\":\"es\"},{\"@type\":\"WebPage\",\"@id\":\"https:\/\/vilafames.org\/els-mestres-de-vilafames-es-reuneixen-amb-el-conseller-marza\/\",\"url\":\"https:\/\/vilafames.org\/els-mestres-de-vilafames-es-reuneixen-amb-el-conseller-marza\/\",\"name\":\"[:ca]Els mestres de Vilafam\u00e9s es reuneixen amb el conseller Marz\u00e0[:es]Las maestras de Vilafam\u00e9s se re\u00fanen el conseller Marz\u00e0[:] - Web de l&#039;Ajuntament de Vilafam\u00e9s\",\"isPartOf\":{\"@id\":\"https:\/\/vilafames.org\/#website\"},\"primaryImageOfPage\":{\"@id\":\"https:\/\/vilafames.org\/els-mestres-de-vilafames-es-reuneixen-amb-el-conseller-marza\/#primaryimage\"},\"image\":{\"@id\":\"https:\/\/vilafames.org\/els-mestres-de-vilafames-es-reuneixen-amb-el-conseller-marza\/#primaryimage\"},\"thumbnailUrl\":\"https:\/\/vilafames.org\/wp-content\/uploads\/MG_3784.jpg\",\"datePublished\":\"2019-03-05T16:13:51+00:00\",\"breadcrumb\":{\"@id\":\"https:\/\/vilafames.org\/els-mestres-de-vilafames-es-reuneixen-amb-el-conseller-marza\/#breadcrumb\"},\"inLanguage\":\"es\",\"potentialAction\":[{\"@type\":\"ReadAction\",\"target\":[\"https:\/\/vilafames.org\/els-mestres-de-vilafames-es-reuneixen-amb-el-conseller-marza\/\"]}]},{\"@type\":\"ImageObject\",\"inLanguage\":\"es\",\"@id\":\"https:\/\/vilafames.org\/els-mestres-de-vilafames-es-reuneixen-amb-el-conseller-marza\/#primaryimage\",\"url\":\"https:\/\/vilafames.org\/wp-content\/uploads\/MG_3784.jpg\",\"contentUrl\":\"https:\/\/vilafames.org\/wp-content\/uploads\/MG_3784.jpg\",\"width\":2400,\"height\":1600},{\"@type\":\"BreadcrumbList\",\"@id\":\"https:\/\/vilafames.org\/els-mestres-de-vilafames-es-reuneixen-amb-el-conseller-marza\/#breadcrumb\",\"itemListElement\":[{\"@type\":\"ListItem\",\"position\":1,\"name\":\"Inici\",\"item\":\"https:\/\/vilafames.org\/\"},{\"@type\":\"ListItem\",\"position\":2,\"name\":\"Els mestres de Vilafam\u00e9s es reuneixen amb el conseller Marz\u00e0\"}]},{\"@type\":\"WebSite\",\"@id\":\"https:\/\/vilafames.org\/#website\",\"url\":\"https:\/\/vilafames.org\/\",\"name\":\"Web de l'Ajuntament de Vilafam\u00e9s\",\"description\":\"Web de l&#039;Ajuntament de Vilafam\u00e9s\",\"publisher\":{\"@id\":\"https:\/\/vilafames.org\/#organization\"},\"potentialAction\":[{\"@type\":\"SearchAction\",\"target\":{\"@type\":\"EntryPoint\",\"urlTemplate\":\"https:\/\/vilafames.org\/?s={search_term_string}\"},\"query-input\":{\"@type\":\"PropertyValueSpecification\",\"valueRequired\":true,\"valueName\":\"search_term_string\"}}],\"inLanguage\":\"es\"},{\"@type\":\"Organization\",\"@id\":\"https:\/\/vilafames.org\/#organization\",\"name\":\"Web de l'Ajuntament de Vilafam\u00e9s\",\"url\":\"https:\/\/vilafames.org\/\",\"logo\":{\"@type\":\"ImageObject\",\"inLanguage\":\"es\",\"@id\":\"https:\/\/vilafames.org\/#\/schema\/logo\/image\/\",\"url\":\"https:\/\/vilafames.org\/wp-content\/uploads\/cropped-marca_v_rgb-1-1.png\",\"contentUrl\":\"https:\/\/vilafames.org\/wp-content\/uploads\/cropped-marca_v_rgb-1-1.png\",\"width\":558,\"height\":269,\"caption\":\"Web de l'Ajuntament de Vilafam\u00e9s\"},\"image\":{\"@id\":\"https:\/\/vilafames.org\/#\/schema\/logo\/image\/\"},\"sameAs\":[\"https:\/\/www.facebook.com\/AjuntamentVilafames\",\"https:\/\/x.com\/ajtvilafames\",\"https:\/\/www.instagram.com\/ajuntamentvilafames\/\",\"https:\/\/www.youtube.com\/channel\/UCjXWt3n8FHiahgKqHZWOTXQ\"]},{\"@type\":\"Person\",\"@id\":\"https:\/\/vilafames.org\/#\/schema\/person\/401579137df63da0da256a349addf0f0\",\"name\":\"vilafames\",\"url\":\"https:\/\/vilafames.org\/es\/author\/vilafames\/\"}]}<\/script>\n<!-- \/ Yoast SEO plugin. -->","yoast_head_json":{"title":"[:ca]Els mestres de Vilafam\u00e9s es reuneixen amb el conseller Marz\u00e0[:es]Las maestras de Vilafam\u00e9s se re\u00fanen el conseller Marz\u00e0[:] - Web de l&#039;Ajuntament de Vilafam\u00e9s","robots":{"index":"index","follow":"follow","max-snippet":"max-snippet:-1","max-image-preview":"max-image-preview:large","max-video-preview":"max-video-preview:-1"},"canonical":"https:\/\/vilafames.org\/els-mestres-de-vilafames-es-reuneixen-amb-el-conseller-marza\/","og_locale":"es_ES","og_type":"article","og_title":"[:ca]Els mestres de Vilafam\u00e9s es reuneixen amb el conseller Marz\u00e0[:es]Las maestras de Vilafam\u00e9s se re\u00fanen el conseller Marz\u00e0[:] - Web de l&#039;Ajuntament de Vilafam\u00e9s","og_description":"Disculpa, pero esta entrada est\u00e1 disponible s\u00f3lo en Valenciano:, : y %.","og_url":"https:\/\/vilafames.org\/els-mestres-de-vilafames-es-reuneixen-amb-el-conseller-marza\/","og_site_name":"Web de l&#039;Ajuntament de Vilafam\u00e9s","article_publisher":"https:\/\/www.facebook.com\/AjuntamentVilafames","article_published_time":"2019-03-05T16:13:51+00:00","og_image":[{"width":2400,"height":1600,"url":"https:\/\/vilafames.org\/wp-content\/uploads\/MG_3784.jpg","type":"image\/jpeg"}],"author":"vilafames","twitter_card":"summary_large_image","twitter_creator":"@ajtvilafames","twitter_site":"@ajtvilafames","twitter_misc":{"Escrito por":"vilafames","Tiempo de lectura":"3 minutos"},"schema":{"@context":"https:\/\/schema.org","@graph":[{"@type":"Article","@id":"https:\/\/vilafames.org\/els-mestres-de-vilafames-es-reuneixen-amb-el-conseller-marza\/#article","isPartOf":{"@id":"https:\/\/vilafames.org\/els-mestres-de-vilafames-es-reuneixen-amb-el-conseller-marza\/"},"author":{"name":"vilafames","@id":"https:\/\/vilafames.org\/#\/schema\/person\/401579137df63da0da256a349addf0f0"},"headline":"Las maestras de Vilafam\u00e9s se re\u00fanen el conseller Marz\u00e0","datePublished":"2019-03-05T16:13:51+00:00","mainEntityOfPage":{"@id":"https:\/\/vilafames.org\/els-mestres-de-vilafames-es-reuneixen-amb-el-conseller-marza\/"},"wordCount":641,"publisher":{"@id":"https:\/\/vilafames.org\/#organization"},"image":{"@id":"https:\/\/vilafames.org\/els-mestres-de-vilafames-es-reuneixen-amb-el-conseller-marza\/#primaryimage"},"thumbnailUrl":"https:\/\/vilafames.org\/wp-content\/uploads\/MG_3784.jpg","articleSection":["Noticias"],"inLanguage":"es"},{"@type":"WebPage","@id":"https:\/\/vilafames.org\/els-mestres-de-vilafames-es-reuneixen-amb-el-conseller-marza\/","url":"https:\/\/vilafames.org\/els-mestres-de-vilafames-es-reuneixen-amb-el-conseller-marza\/","name":"[:ca]Els mestres de Vilafam\u00e9s es reuneixen amb el conseller Marz\u00e0[:es]Las maestras de Vilafam\u00e9s se re\u00fanen el conseller Marz\u00e0[:] - Web de l&#039;Ajuntament de Vilafam\u00e9s","isPartOf":{"@id":"https:\/\/vilafames.org\/#website"},"primaryImageOfPage":{"@id":"https:\/\/vilafames.org\/els-mestres-de-vilafames-es-reuneixen-amb-el-conseller-marza\/#primaryimage"},"image":{"@id":"https:\/\/vilafames.org\/els-mestres-de-vilafames-es-reuneixen-amb-el-conseller-marza\/#primaryimage"},"thumbnailUrl":"https:\/\/vilafames.org\/wp-content\/uploads\/MG_3784.jpg","datePublished":"2019-03-05T16:13:51+00:00","breadcrumb":{"@id":"https:\/\/vilafames.org\/els-mestres-de-vilafames-es-reuneixen-amb-el-conseller-marza\/#breadcrumb"},"inLanguage":"es","potentialAction":[{"@type":"ReadAction","target":["https:\/\/vilafames.org\/els-mestres-de-vilafames-es-reuneixen-amb-el-conseller-marza\/"]}]},{"@type":"ImageObject","inLanguage":"es","@id":"https:\/\/vilafames.org\/els-mestres-de-vilafames-es-reuneixen-amb-el-conseller-marza\/#primaryimage","url":"https:\/\/vilafames.org\/wp-content\/uploads\/MG_3784.jpg","contentUrl":"https:\/\/vilafames.org\/wp-content\/uploads\/MG_3784.jpg","width":2400,"height":1600},{"@type":"BreadcrumbList","@id":"https:\/\/vilafames.org\/els-mestres-de-vilafames-es-reuneixen-amb-el-conseller-marza\/#breadcrumb","itemListElement":[{"@type":"ListItem","position":1,"name":"Inici","item":"https:\/\/vilafames.org\/"},{"@type":"ListItem","position":2,"name":"Els mestres de Vilafam\u00e9s es reuneixen amb el conseller Marz\u00e0"}]},{"@type":"WebSite","@id":"https:\/\/vilafames.org\/#website","url":"https:\/\/vilafames.org\/","name":"Web de l'Ajuntament de Vilafam\u00e9s","description":"Web de l&#039;Ajuntament de Vilafam\u00e9s","publisher":{"@id":"https:\/\/vilafames.org\/#organization"},"potentialAction":[{"@type":"SearchAction","target":{"@type":"EntryPoint","urlTemplate":"https:\/\/vilafames.org\/?s={search_term_string}"},"query-input":{"@type":"PropertyValueSpecification","valueRequired":true,"valueName":"search_term_string"}}],"inLanguage":"es"},{"@type":"Organization","@id":"https:\/\/vilafames.org\/#organization","name":"Web de l'Ajuntament de Vilafam\u00e9s","url":"https:\/\/vilafames.org\/","logo":{"@type":"ImageObject","inLanguage":"es","@id":"https:\/\/vilafames.org\/#\/schema\/logo\/image\/","url":"https:\/\/vilafames.org\/wp-content\/uploads\/cropped-marca_v_rgb-1-1.png","contentUrl":"https:\/\/vilafames.org\/wp-content\/uploads\/cropped-marca_v_rgb-1-1.png","width":558,"height":269,"caption":"Web de l'Ajuntament de Vilafam\u00e9s"},"image":{"@id":"https:\/\/vilafames.org\/#\/schema\/logo\/image\/"},"sameAs":["https:\/\/www.facebook.com\/AjuntamentVilafames","https:\/\/x.com\/ajtvilafames","https:\/\/www.instagram.com\/ajuntamentvilafames\/","https:\/\/www.youtube.com\/channel\/UCjXWt3n8FHiahgKqHZWOTXQ"]},{"@type":"Person","@id":"https:\/\/vilafames.org\/#\/schema\/person\/401579137df63da0da256a349addf0f0","name":"vilafames","url":"https:\/\/vilafames.org\/es\/author\/vilafames\/"}]}},"_links":{"self":[{"href":"https:\/\/vilafames.org\/es\/wp-json\/wp\/v2\/posts\/5528","targetHints":{"allow":["GET"]}}],"collection":[{"href":"https:\/\/vilafames.org\/es\/wp-json\/wp\/v2\/posts"}],"about":[{"href":"https:\/\/vilafames.org\/es\/wp-json\/wp\/v2\/types\/post"}],"author":[{"embeddable":true,"href":"https:\/\/vilafames.org\/es\/wp-json\/wp\/v2\/users\/3"}],"replies":[{"embeddable":true,"href":"https:\/\/vilafames.org\/es\/wp-json\/wp\/v2\/comments?post=5528"}],"version-history":[{"count":0,"href":"https:\/\/vilafames.org\/es\/wp-json\/wp\/v2\/posts\/5528\/revisions"}],"wp:featuredmedia":[{"embeddable":true,"href":"https:\/\/vilafames.org\/es\/wp-json\/wp\/v2\/media\/5529"}],"wp:attachment":[{"href":"https:\/\/vilafames.org\/es\/wp-json\/wp\/v2\/media?parent=5528"}],"wp:term":[{"taxonomy":"category","embeddable":true,"href":"https:\/\/vilafames.org\/es\/wp-json\/wp\/v2\/categories?post=5528"},{"taxonomy":"post_tag","embeddable":true,"href":"https:\/\/vilafames.org\/es\/wp-json\/wp\/v2\/tags?post=5528"}],"curies":[{"name":"wp","href":"https:\/\/api.w.org\/{rel}","templated":true}]}}