{"id":5328,"date":"2018-12-25T10:43:56","date_gmt":"2018-12-25T09:43:56","guid":{"rendered":"http:\/\/vilafames.org\/?p=5328"},"modified":"2018-12-25T10:44:15","modified_gmt":"2018-12-25T09:44:15","slug":"lajuntament-licita-ladquisicio-dun-corral-i-un-cadafal-per-a-la-celebracio-dels-festejos-taurins","status":"publish","type":"post","link":"https:\/\/vilafames.org\/es\/lajuntament-licita-ladquisicio-dun-corral-i-un-cadafal-per-a-la-celebracio-dels-festejos-taurins\/","title":{"rendered":"El Ayuntamiento licita la adquisici\u00f3n de un corro y un &#8216;cadafal&#8217; para la celebraci\u00f3n de los festejos taurinos"},"content":{"rendered":"<p>Vilafam\u00e9s contar\u00e1 con un corro y un &#8216;cadafal&#8217; propios para la celebraci\u00f3n de los festejos taurinos que se celebren en la localidad. El Ayuntamiento ha licitado el concurso abierto para que las empresas puedan optar a la construcci\u00f3n del recinto que adquirir\u00e1 en propiedad el consistorio con el objetivo de amortizar en pocos a\u00f1os los gastos de alquiler que exist\u00edan hasta el momento, seg\u00fan explica el concejal de Fiestas, Sergi Trilles.<\/p>\n<p><!--more--><\/p>\n<p>El presupuesto del corro y del &#8216;cadafal&#8217; asciende a cerca de 57.000 euros y los trabajos tienen un plazo de ejecuci\u00f3n de 2 meses a partir de la adjudicaci\u00f3n. El dise\u00f1o de los elementos tiene en cuenta la sustituci\u00f3n del pavimento actual de la plaza de la Font y de la avenida Juan Barcel\u00f3, donde se ha proyectado la instalaci\u00f3n de adoquinado continuo sin bordillo entre aceras y calzada.<\/p>\n<p><img decoding=\"async\" class=\"aligncenter size-medium wp-image-5329 lazyload\" data-src=\"https:\/\/vilafames.corvanit.com\/wp-content\/uploads\/foto-corro3-600x337.jpg\" alt=\"\" width=\"600\" height=\"337\" data-srcset=\"https:\/\/vilafames.org\/wp-content\/uploads\/foto-corro3-600x337.jpg 600w, https:\/\/vilafames.org\/wp-content\/uploads\/foto-corro3-768x431.jpg 768w, https:\/\/vilafames.org\/wp-content\/uploads\/foto-corro3.jpg 960w\" data-sizes=\"(max-width: 600px) 100vw, 600px\" src=\"data:image\/gif;base64,R0lGODlhAQABAAAAACH5BAEKAAEALAAAAAABAAEAAAICTAEAOw==\" style=\"--smush-placeholder-width: 600px; --smush-placeholder-aspect-ratio: 600\/337;\" \/><\/p>\n<p>El corro proyectado para los toros consta de 6 chiqueros individuales, con un corro principal y otros 3 recintos para carga, descarga y triaje de los toros. La construcci\u00f3n tendr\u00e1 acceso a la parte superior para poder manipular las puertas desde un lugar seguro y estar\u00e1 construido con una estructura y cerramientos met\u00e1licos de 2,20 metros de altura con barandillas en la parte superior en todas las zonas que son accesibles para el personal que debe manipular las puertas. Al mismo tiempo, dispone de rampa de carga y descarga para los toros y de pasillo de salida hacia la plaza, que es donde se realizan los actos taurinos.<\/p>\n<p>Por otra parte, se ha proyectado un &#8216;cadafal&#8217; met\u00e1lico anexo, pero independiente al corro a la hora del montaje. \u00c9ste constar\u00e1 de una zona inferior vinculada a la plaza con barrotes de protecci\u00f3n que cumplen la normativa taurina vigente y dos puertas abatibles, una para evacuaci\u00f3n en caso necesidad y otra para la salida de los animales que provienen del corro y que tienen su paso por debajo del &#8216;cadafal&#8217;. En uno de los lados se ubicar\u00e1 la escalera de acceso a la grada de asientos para espectadores.","protected":false},"excerpt":{"rendered":"<p>Disculpa, pero esta entrada est\u00e1 disponible s\u00f3lo en Valenciano:, : y %.<\/p>\n","protected":false},"author":3,"featured_media":5291,"comment_status":"closed","ping_status":"open","sticky":false,"template":"","format":"standard","meta":{"footnotes":""},"categories":[1],"tags":[],"class_list":["post-5328","post","type-post","status-publish","format-standard","has-post-thumbnail","hentry","category-noticies"],"yoast_head":"<!-- This site is optimized with the Yoast SEO plugin v24.8.1 - https:\/\/yoast.com\/wordpress\/plugins\/seo\/ -->\n<title>El Ayuntamiento licita la adquisici\u00f3n de un corro y un &#039;cadafal&#039; para la celebraci\u00f3n de los festejos taurinos  - Web de l&#039;Ajuntament de Vilafam\u00e9s<\/title>\n<meta name=\"robots\" content=\"index, follow, max-snippet:-1, max-image-preview:large, max-video-preview:-1\" \/>\n<link rel=\"canonical\" href=\"https:\/\/vilafames.org\/lajuntament-licita-ladquisicio-dun-corral-i-un-cadafal-per-a-la-celebracio-dels-festejos-taurins\/\" \/>\n<meta property=\"og:locale\" content=\"es_ES\" \/>\n<meta property=\"og:type\" content=\"article\" \/>\n<meta property=\"og:title\" content=\"[:ca]L&#039;Ajuntament licita l&#039;adquisici\u00f3 d&#039;un corral i un cadafal per a la celebraci\u00f3 dels festejos taurins [:es]El Ayuntamiento licita la adquisici\u00f3n de un corro y un &#039;cadafal&#039; para la celebraci\u00f3n de los festejos taurinos [:] - Web de l&#039;Ajuntament de Vilafam\u00e9s\" \/>\n<meta property=\"og:description\" content=\"Disculpa, pero esta entrada est\u00e1 disponible s\u00f3lo en Valenciano:, : y %.\" \/>\n<meta property=\"og:url\" content=\"https:\/\/vilafames.org\/lajuntament-licita-ladquisicio-dun-corral-i-un-cadafal-per-a-la-celebracio-dels-festejos-taurins\/\" \/>\n<meta property=\"og:site_name\" content=\"Web de l&#039;Ajuntament de Vilafam\u00e9s\" \/>\n<meta property=\"article:publisher\" content=\"https:\/\/www.facebook.com\/AjuntamentVilafames\" \/>\n<meta property=\"article:published_time\" content=\"2018-12-25T09:43:56+00:00\" \/>\n<meta property=\"article:modified_time\" content=\"2018-12-25T09:44:15+00:00\" \/>\n<meta property=\"og:image\" content=\"https:\/\/vilafames.org\/wp-content\/uploads\/foto-corro2.jpg\" \/>\n\t<meta property=\"og:image:width\" content=\"960\" \/>\n\t<meta property=\"og:image:height\" content=\"539\" \/>\n\t<meta property=\"og:image:type\" content=\"image\/jpeg\" \/>\n<meta name=\"author\" content=\"vilafames\" \/>\n<meta name=\"twitter:card\" content=\"summary_large_image\" \/>\n<meta name=\"twitter:creator\" content=\"@ajtvilafames\" \/>\n<meta name=\"twitter:site\" content=\"@ajtvilafames\" \/>\n<meta name=\"twitter:label1\" content=\"Escrito por\" \/>\n\t<meta name=\"twitter:data1\" content=\"vilafames\" \/>\n\t<meta name=\"twitter:label2\" content=\"Tiempo de lectura\" \/>\n\t<meta name=\"twitter:data2\" content=\"3 minutos\" \/>\n<script type=\"application\/ld+json\" class=\"yoast-schema-graph\">{\"@context\":\"https:\/\/schema.org\",\"@graph\":[{\"@type\":\"Article\",\"@id\":\"https:\/\/vilafames.org\/lajuntament-licita-ladquisicio-dun-corral-i-un-cadafal-per-a-la-celebracio-dels-festejos-taurins\/#article\",\"isPartOf\":{\"@id\":\"https:\/\/vilafames.org\/lajuntament-licita-ladquisicio-dun-corral-i-un-cadafal-per-a-la-celebracio-dels-festejos-taurins\/\"},\"author\":{\"name\":\"vilafames\",\"@id\":\"https:\/\/vilafames.org\/#\/schema\/person\/401579137df63da0da256a349addf0f0\"},\"headline\":\"El Ayuntamiento licita la adquisici\u00f3n de un corro y un &#8216;cadafal&#8217; para la celebraci\u00f3n de los festejos taurinos\",\"datePublished\":\"2018-12-25T09:43:56+00:00\",\"dateModified\":\"2018-12-25T09:44:15+00:00\",\"mainEntityOfPage\":{\"@id\":\"https:\/\/vilafames.org\/lajuntament-licita-ladquisicio-dun-corral-i-un-cadafal-per-a-la-celebracio-dels-festejos-taurins\/\"},\"wordCount\":724,\"publisher\":{\"@id\":\"https:\/\/vilafames.org\/#organization\"},\"image\":{\"@id\":\"https:\/\/vilafames.org\/lajuntament-licita-ladquisicio-dun-corral-i-un-cadafal-per-a-la-celebracio-dels-festejos-taurins\/#primaryimage\"},\"thumbnailUrl\":\"https:\/\/vilafames.org\/wp-content\/uploads\/foto-corro2.jpg\",\"articleSection\":[\"Noticias\"],\"inLanguage\":\"es\"},{\"@type\":\"WebPage\",\"@id\":\"https:\/\/vilafames.org\/lajuntament-licita-ladquisicio-dun-corral-i-un-cadafal-per-a-la-celebracio-dels-festejos-taurins\/\",\"url\":\"https:\/\/vilafames.org\/lajuntament-licita-ladquisicio-dun-corral-i-un-cadafal-per-a-la-celebracio-dels-festejos-taurins\/\",\"name\":\"[:ca]L'Ajuntament licita l'adquisici\u00f3 d'un corral i un cadafal per a la celebraci\u00f3 dels festejos taurins [:es]El Ayuntamiento licita la adquisici\u00f3n de un corro y un 'cadafal' para la celebraci\u00f3n de los festejos taurinos [:] - Web de l&#039;Ajuntament de Vilafam\u00e9s\",\"isPartOf\":{\"@id\":\"https:\/\/vilafames.org\/#website\"},\"primaryImageOfPage\":{\"@id\":\"https:\/\/vilafames.org\/lajuntament-licita-ladquisicio-dun-corral-i-un-cadafal-per-a-la-celebracio-dels-festejos-taurins\/#primaryimage\"},\"image\":{\"@id\":\"https:\/\/vilafames.org\/lajuntament-licita-ladquisicio-dun-corral-i-un-cadafal-per-a-la-celebracio-dels-festejos-taurins\/#primaryimage\"},\"thumbnailUrl\":\"https:\/\/vilafames.org\/wp-content\/uploads\/foto-corro2.jpg\",\"datePublished\":\"2018-12-25T09:43:56+00:00\",\"dateModified\":\"2018-12-25T09:44:15+00:00\",\"breadcrumb\":{\"@id\":\"https:\/\/vilafames.org\/lajuntament-licita-ladquisicio-dun-corral-i-un-cadafal-per-a-la-celebracio-dels-festejos-taurins\/#breadcrumb\"},\"inLanguage\":\"es\",\"potentialAction\":[{\"@type\":\"ReadAction\",\"target\":[\"https:\/\/vilafames.org\/lajuntament-licita-ladquisicio-dun-corral-i-un-cadafal-per-a-la-celebracio-dels-festejos-taurins\/\"]}]},{\"@type\":\"ImageObject\",\"inLanguage\":\"es\",\"@id\":\"https:\/\/vilafames.org\/lajuntament-licita-ladquisicio-dun-corral-i-un-cadafal-per-a-la-celebracio-dels-festejos-taurins\/#primaryimage\",\"url\":\"https:\/\/vilafames.org\/wp-content\/uploads\/foto-corro2.jpg\",\"contentUrl\":\"https:\/\/vilafames.org\/wp-content\/uploads\/foto-corro2.jpg\",\"width\":960,\"height\":539},{\"@type\":\"BreadcrumbList\",\"@id\":\"https:\/\/vilafames.org\/lajuntament-licita-ladquisicio-dun-corral-i-un-cadafal-per-a-la-celebracio-dels-festejos-taurins\/#breadcrumb\",\"itemListElement\":[{\"@type\":\"ListItem\",\"position\":1,\"name\":\"Inici\",\"item\":\"https:\/\/vilafames.org\/\"},{\"@type\":\"ListItem\",\"position\":2,\"name\":\"L&#8217;Ajuntament licita l&#8217;adquisici\u00f3 d&#8217;un corral i un cadafal per a la celebraci\u00f3 dels festejos taurins\"}]},{\"@type\":\"WebSite\",\"@id\":\"https:\/\/vilafames.org\/#website\",\"url\":\"https:\/\/vilafames.org\/\",\"name\":\"Web de l'Ajuntament de Vilafam\u00e9s\",\"description\":\"Web de l&#039;Ajuntament de Vilafam\u00e9s\",\"publisher\":{\"@id\":\"https:\/\/vilafames.org\/#organization\"},\"potentialAction\":[{\"@type\":\"SearchAction\",\"target\":{\"@type\":\"EntryPoint\",\"urlTemplate\":\"https:\/\/vilafames.org\/?s={search_term_string}\"},\"query-input\":{\"@type\":\"PropertyValueSpecification\",\"valueRequired\":true,\"valueName\":\"search_term_string\"}}],\"inLanguage\":\"es\"},{\"@type\":\"Organization\",\"@id\":\"https:\/\/vilafames.org\/#organization\",\"name\":\"Web de l'Ajuntament de Vilafam\u00e9s\",\"url\":\"https:\/\/vilafames.org\/\",\"logo\":{\"@type\":\"ImageObject\",\"inLanguage\":\"es\",\"@id\":\"https:\/\/vilafames.org\/#\/schema\/logo\/image\/\",\"url\":\"https:\/\/vilafames.org\/wp-content\/uploads\/cropped-marca_v_rgb-1-1.png\",\"contentUrl\":\"https:\/\/vilafames.org\/wp-content\/uploads\/cropped-marca_v_rgb-1-1.png\",\"width\":558,\"height\":269,\"caption\":\"Web de l'Ajuntament de Vilafam\u00e9s\"},\"image\":{\"@id\":\"https:\/\/vilafames.org\/#\/schema\/logo\/image\/\"},\"sameAs\":[\"https:\/\/www.facebook.com\/AjuntamentVilafames\",\"https:\/\/x.com\/ajtvilafames\",\"https:\/\/www.instagram.com\/ajuntamentvilafames\/\",\"https:\/\/www.youtube.com\/channel\/UCjXWt3n8FHiahgKqHZWOTXQ\"]},{\"@type\":\"Person\",\"@id\":\"https:\/\/vilafames.org\/#\/schema\/person\/401579137df63da0da256a349addf0f0\",\"name\":\"vilafames\",\"url\":\"https:\/\/vilafames.org\/es\/author\/vilafames\/\"}]}<\/script>\n<!-- \/ Yoast SEO plugin. -->","yoast_head_json":{"title":"[:ca]L'Ajuntament licita l'adquisici\u00f3 d'un corral i un cadafal per a la celebraci\u00f3 dels festejos taurins [:es]El Ayuntamiento licita la adquisici\u00f3n de un corro y un 'cadafal' para la celebraci\u00f3n de los festejos taurinos [:] - Web de l&#039;Ajuntament de Vilafam\u00e9s","robots":{"index":"index","follow":"follow","max-snippet":"max-snippet:-1","max-image-preview":"max-image-preview:large","max-video-preview":"max-video-preview:-1"},"canonical":"https:\/\/vilafames.org\/lajuntament-licita-ladquisicio-dun-corral-i-un-cadafal-per-a-la-celebracio-dels-festejos-taurins\/","og_locale":"es_ES","og_type":"article","og_title":"[:ca]L'Ajuntament licita l'adquisici\u00f3 d'un corral i un cadafal per a la celebraci\u00f3 dels festejos taurins [:es]El Ayuntamiento licita la adquisici\u00f3n de un corro y un 'cadafal' para la celebraci\u00f3n de los festejos taurinos [:] - Web de l&#039;Ajuntament de Vilafam\u00e9s","og_description":"Disculpa, pero esta entrada est\u00e1 disponible s\u00f3lo en Valenciano:, : y %.","og_url":"https:\/\/vilafames.org\/lajuntament-licita-ladquisicio-dun-corral-i-un-cadafal-per-a-la-celebracio-dels-festejos-taurins\/","og_site_name":"Web de l&#039;Ajuntament de Vilafam\u00e9s","article_publisher":"https:\/\/www.facebook.com\/AjuntamentVilafames","article_published_time":"2018-12-25T09:43:56+00:00","article_modified_time":"2018-12-25T09:44:15+00:00","og_image":[{"width":960,"height":539,"url":"https:\/\/vilafames.org\/wp-content\/uploads\/foto-corro2.jpg","type":"image\/jpeg"}],"author":"vilafames","twitter_card":"summary_large_image","twitter_creator":"@ajtvilafames","twitter_site":"@ajtvilafames","twitter_misc":{"Escrito por":"vilafames","Tiempo de lectura":"3 minutos"},"schema":{"@context":"https:\/\/schema.org","@graph":[{"@type":"Article","@id":"https:\/\/vilafames.org\/lajuntament-licita-ladquisicio-dun-corral-i-un-cadafal-per-a-la-celebracio-dels-festejos-taurins\/#article","isPartOf":{"@id":"https:\/\/vilafames.org\/lajuntament-licita-ladquisicio-dun-corral-i-un-cadafal-per-a-la-celebracio-dels-festejos-taurins\/"},"author":{"name":"vilafames","@id":"https:\/\/vilafames.org\/#\/schema\/person\/401579137df63da0da256a349addf0f0"},"headline":"El Ayuntamiento licita la adquisici\u00f3n de un corro y un &#8216;cadafal&#8217; para la celebraci\u00f3n de los festejos taurinos","datePublished":"2018-12-25T09:43:56+00:00","dateModified":"2018-12-25T09:44:15+00:00","mainEntityOfPage":{"@id":"https:\/\/vilafames.org\/lajuntament-licita-ladquisicio-dun-corral-i-un-cadafal-per-a-la-celebracio-dels-festejos-taurins\/"},"wordCount":724,"publisher":{"@id":"https:\/\/vilafames.org\/#organization"},"image":{"@id":"https:\/\/vilafames.org\/lajuntament-licita-ladquisicio-dun-corral-i-un-cadafal-per-a-la-celebracio-dels-festejos-taurins\/#primaryimage"},"thumbnailUrl":"https:\/\/vilafames.org\/wp-content\/uploads\/foto-corro2.jpg","articleSection":["Noticias"],"inLanguage":"es"},{"@type":"WebPage","@id":"https:\/\/vilafames.org\/lajuntament-licita-ladquisicio-dun-corral-i-un-cadafal-per-a-la-celebracio-dels-festejos-taurins\/","url":"https:\/\/vilafames.org\/lajuntament-licita-ladquisicio-dun-corral-i-un-cadafal-per-a-la-celebracio-dels-festejos-taurins\/","name":"[:ca]L'Ajuntament licita l'adquisici\u00f3 d'un corral i un cadafal per a la celebraci\u00f3 dels festejos taurins [:es]El Ayuntamiento licita la adquisici\u00f3n de un corro y un 'cadafal' para la celebraci\u00f3n de los festejos taurinos [:] - Web de l&#039;Ajuntament de Vilafam\u00e9s","isPartOf":{"@id":"https:\/\/vilafames.org\/#website"},"primaryImageOfPage":{"@id":"https:\/\/vilafames.org\/lajuntament-licita-ladquisicio-dun-corral-i-un-cadafal-per-a-la-celebracio-dels-festejos-taurins\/#primaryimage"},"image":{"@id":"https:\/\/vilafames.org\/lajuntament-licita-ladquisicio-dun-corral-i-un-cadafal-per-a-la-celebracio-dels-festejos-taurins\/#primaryimage"},"thumbnailUrl":"https:\/\/vilafames.org\/wp-content\/uploads\/foto-corro2.jpg","datePublished":"2018-12-25T09:43:56+00:00","dateModified":"2018-12-25T09:44:15+00:00","breadcrumb":{"@id":"https:\/\/vilafames.org\/lajuntament-licita-ladquisicio-dun-corral-i-un-cadafal-per-a-la-celebracio-dels-festejos-taurins\/#breadcrumb"},"inLanguage":"es","potentialAction":[{"@type":"ReadAction","target":["https:\/\/vilafames.org\/lajuntament-licita-ladquisicio-dun-corral-i-un-cadafal-per-a-la-celebracio-dels-festejos-taurins\/"]}]},{"@type":"ImageObject","inLanguage":"es","@id":"https:\/\/vilafames.org\/lajuntament-licita-ladquisicio-dun-corral-i-un-cadafal-per-a-la-celebracio-dels-festejos-taurins\/#primaryimage","url":"https:\/\/vilafames.org\/wp-content\/uploads\/foto-corro2.jpg","contentUrl":"https:\/\/vilafames.org\/wp-content\/uploads\/foto-corro2.jpg","width":960,"height":539},{"@type":"BreadcrumbList","@id":"https:\/\/vilafames.org\/lajuntament-licita-ladquisicio-dun-corral-i-un-cadafal-per-a-la-celebracio-dels-festejos-taurins\/#breadcrumb","itemListElement":[{"@type":"ListItem","position":1,"name":"Inici","item":"https:\/\/vilafames.org\/"},{"@type":"ListItem","position":2,"name":"L&#8217;Ajuntament licita l&#8217;adquisici\u00f3 d&#8217;un corral i un cadafal per a la celebraci\u00f3 dels festejos taurins"}]},{"@type":"WebSite","@id":"https:\/\/vilafames.org\/#website","url":"https:\/\/vilafames.org\/","name":"Web de l'Ajuntament de Vilafam\u00e9s","description":"Web de l&#039;Ajuntament de Vilafam\u00e9s","publisher":{"@id":"https:\/\/vilafames.org\/#organization"},"potentialAction":[{"@type":"SearchAction","target":{"@type":"EntryPoint","urlTemplate":"https:\/\/vilafames.org\/?s={search_term_string}"},"query-input":{"@type":"PropertyValueSpecification","valueRequired":true,"valueName":"search_term_string"}}],"inLanguage":"es"},{"@type":"Organization","@id":"https:\/\/vilafames.org\/#organization","name":"Web de l'Ajuntament de Vilafam\u00e9s","url":"https:\/\/vilafames.org\/","logo":{"@type":"ImageObject","inLanguage":"es","@id":"https:\/\/vilafames.org\/#\/schema\/logo\/image\/","url":"https:\/\/vilafames.org\/wp-content\/uploads\/cropped-marca_v_rgb-1-1.png","contentUrl":"https:\/\/vilafames.org\/wp-content\/uploads\/cropped-marca_v_rgb-1-1.png","width":558,"height":269,"caption":"Web de l'Ajuntament de Vilafam\u00e9s"},"image":{"@id":"https:\/\/vilafames.org\/#\/schema\/logo\/image\/"},"sameAs":["https:\/\/www.facebook.com\/AjuntamentVilafames","https:\/\/x.com\/ajtvilafames","https:\/\/www.instagram.com\/ajuntamentvilafames\/","https:\/\/www.youtube.com\/channel\/UCjXWt3n8FHiahgKqHZWOTXQ"]},{"@type":"Person","@id":"https:\/\/vilafames.org\/#\/schema\/person\/401579137df63da0da256a349addf0f0","name":"vilafames","url":"https:\/\/vilafames.org\/es\/author\/vilafames\/"}]}},"_links":{"self":[{"href":"https:\/\/vilafames.org\/es\/wp-json\/wp\/v2\/posts\/5328","targetHints":{"allow":["GET"]}}],"collection":[{"href":"https:\/\/vilafames.org\/es\/wp-json\/wp\/v2\/posts"}],"about":[{"href":"https:\/\/vilafames.org\/es\/wp-json\/wp\/v2\/types\/post"}],"author":[{"embeddable":true,"href":"https:\/\/vilafames.org\/es\/wp-json\/wp\/v2\/users\/3"}],"replies":[{"embeddable":true,"href":"https:\/\/vilafames.org\/es\/wp-json\/wp\/v2\/comments?post=5328"}],"version-history":[{"count":0,"href":"https:\/\/vilafames.org\/es\/wp-json\/wp\/v2\/posts\/5328\/revisions"}],"wp:featuredmedia":[{"embeddable":true,"href":"https:\/\/vilafames.org\/es\/wp-json\/wp\/v2\/media\/5291"}],"wp:attachment":[{"href":"https:\/\/vilafames.org\/es\/wp-json\/wp\/v2\/media?parent=5328"}],"wp:term":[{"taxonomy":"category","embeddable":true,"href":"https:\/\/vilafames.org\/es\/wp-json\/wp\/v2\/categories?post=5328"},{"taxonomy":"post_tag","embeddable":true,"href":"https:\/\/vilafames.org\/es\/wp-json\/wp\/v2\/tags?post=5328"}],"curies":[{"name":"wp","href":"https:\/\/api.w.org\/{rel}","templated":true}]}}