{"id":312,"date":"2016-06-14T19:28:23","date_gmt":"2016-06-14T19:28:23","guid":{"rendered":"http:\/\/vilafames.org\/?p=312"},"modified":"2016-11-04T19:56:28","modified_gmt":"2016-11-04T19:56:28","slug":"espanol-vilafames-solidario-con-el-pueblo-de-siria","status":"publish","type":"post","link":"https:\/\/vilafames.org\/es\/espanol-vilafames-solidario-con-el-pueblo-de-siria\/","title":{"rendered":"Vilafam\u00e9s solidario con el pueblo de Siria"},"content":{"rendered":"<p>\n<h4>Las aportaciones de los vecinos de Vilafam\u00e9s en ayuda del pueblo de Siria saldr\u00e1n el pr\u00f3ximo 18 de junio.<\/h4>\n<p>Las aportaciones de los vecinos de Vilafam\u00e9s de ayuda solidaria al pueblo de Siria saldr\u00e1n el pr\u00f3ximo 18 de junio. Se trata de materiales de primera necesidad que se han recogido en Vilafam\u00e9s y, junto a otras ONG&#8217;s como la Assemblea d&#8217;Ajuda als Refugiats i Refudiades de Vilafranca, se embarcaran en un contenedor desde el Puerto de Valencia con destino a Siria. Los organizadores de la recogida quieren mostrar su agradecimiento a todas las personas solidarias que han participado en la campa\u00f1a de recogida.<\/p>\n<div id='gallery-2' class='gallery galleryid-312 gallery-columns-2 gallery-size-large'><figure class='gallery-item'>\n\t\t\t<div class='gallery-icon landscape'>\n\t\t\t\t<a href='https:\/\/vilafames.org\/wp-content\/uploads\/ajuda_siria3.jpg'><img decoding=\"async\" width=\"1024\" height=\"576\" data-src=\"https:\/\/vilafames.org\/wp-content\/uploads\/ajuda_siria3-1024x576.jpg\" class=\"attachment-large size-large lazyload\" alt=\"\" data-srcset=\"https:\/\/vilafames.org\/wp-content\/uploads\/ajuda_siria3-1024x576.jpg 1024w, https:\/\/vilafames.org\/wp-content\/uploads\/ajuda_siria3-300x169.jpg 300w, https:\/\/vilafames.org\/wp-content\/uploads\/ajuda_siria3-768x432.jpg 768w, https:\/\/vilafames.org\/wp-content\/uploads\/ajuda_siria3.jpg 1200w\" data-sizes=\"(max-width: 1024px) 100vw, 1024px\" src=\"data:image\/gif;base64,R0lGODlhAQABAAAAACH5BAEKAAEALAAAAAABAAEAAAICTAEAOw==\" style=\"--smush-placeholder-width: 1024px; --smush-placeholder-aspect-ratio: 1024\/576;\" \/><\/a>\n\t\t\t<\/div><\/figure><figure class='gallery-item'>\n\t\t\t<div class='gallery-icon landscape'>\n\t\t\t\t<a href='https:\/\/vilafames.org\/wp-content\/uploads\/ajuda_siria2.jpg'><img decoding=\"async\" width=\"1024\" height=\"576\" data-src=\"https:\/\/vilafames.org\/wp-content\/uploads\/ajuda_siria2-1024x576.jpg\" class=\"attachment-large size-large lazyload\" alt=\"\" data-srcset=\"https:\/\/vilafames.org\/wp-content\/uploads\/ajuda_siria2-1024x576.jpg 1024w, https:\/\/vilafames.org\/wp-content\/uploads\/ajuda_siria2-300x169.jpg 300w, https:\/\/vilafames.org\/wp-content\/uploads\/ajuda_siria2-768x432.jpg 768w, https:\/\/vilafames.org\/wp-content\/uploads\/ajuda_siria2.jpg 1200w\" data-sizes=\"(max-width: 1024px) 100vw, 1024px\" src=\"data:image\/gif;base64,R0lGODlhAQABAAAAACH5BAEKAAEALAAAAAABAAEAAAICTAEAOw==\" style=\"--smush-placeholder-width: 1024px; --smush-placeholder-aspect-ratio: 1024\/576;\" \/><\/a>\n\t\t\t<\/div><\/figure>\n\t\t<\/div>","protected":false},"excerpt":{"rendered":"<p>Las aportaciones de los vecinos de Vilafam\u00e9s en ayuda del pueblo de Siria saldr\u00e1n el pr\u00f3ximo 18 de junio. Las aportaciones de los vecinos de Vilafam\u00e9s de ayuda solidaria al pueblo de Siria saldr\u00e1n el pr\u00f3ximo 18 de junio. Se trata de materiales de primera necesidad que se han recogido en Vilafam\u00e9s y, junto a [&hellip;]<\/p>\n","protected":false},"author":3,"featured_media":313,"comment_status":"open","ping_status":"open","sticky":false,"template":"","format":"standard","meta":{"footnotes":""},"categories":[1],"tags":[],"class_list":["post-312","post","type-post","status-publish","format-standard","has-post-thumbnail","hentry","category-noticies"],"yoast_head":"<!-- This site is optimized with the Yoast SEO plugin v24.8.1 - https:\/\/yoast.com\/wordpress\/plugins\/seo\/ -->\n<title>Vilafam\u00e9s solidario con el pueblo de Siria - Web de l&#039;Ajuntament de Vilafam\u00e9s<\/title>\n<meta name=\"robots\" content=\"index, follow, max-snippet:-1, max-image-preview:large, max-video-preview:-1\" \/>\n<link rel=\"canonical\" href=\"https:\/\/vilafames.org\/espanol-vilafames-solidario-con-el-pueblo-de-siria\/\" \/>\n<meta property=\"og:locale\" content=\"es_ES\" \/>\n<meta property=\"og:type\" content=\"article\" \/>\n<meta property=\"og:title\" content=\"[:ca]Vilafam\u00e9s solidari amb el poble de S\u00edria[:es]Vilafam\u00e9s solidario con el pueblo de Siria[:] - Web de l&#039;Ajuntament de Vilafam\u00e9s\" \/>\n<meta property=\"og:description\" content=\"Las aportaciones de los vecinos de Vilafam\u00e9s en ayuda del pueblo de Siria saldr\u00e1n el pr\u00f3ximo 18 de junio. Las aportaciones de los vecinos de Vilafam\u00e9s de ayuda solidaria al pueblo de Siria saldr\u00e1n el pr\u00f3ximo 18 de junio. Se trata de materiales de primera necesidad que se han recogido en Vilafam\u00e9s y, junto a [&hellip;]\" \/>\n<meta property=\"og:url\" content=\"https:\/\/vilafames.org\/espanol-vilafames-solidario-con-el-pueblo-de-siria\/\" \/>\n<meta property=\"og:site_name\" content=\"Web de l&#039;Ajuntament de Vilafam\u00e9s\" \/>\n<meta property=\"article:publisher\" content=\"https:\/\/www.facebook.com\/AjuntamentVilafames\" \/>\n<meta property=\"article:published_time\" content=\"2016-06-14T19:28:23+00:00\" \/>\n<meta property=\"article:modified_time\" content=\"2016-11-04T19:56:28+00:00\" \/>\n<meta property=\"og:image\" content=\"https:\/\/vilafames.org\/wp-content\/uploads\/ajuda_siria1.jpg\" \/>\n\t<meta property=\"og:image:width\" content=\"1200\" \/>\n\t<meta property=\"og:image:height\" content=\"675\" \/>\n\t<meta property=\"og:image:type\" content=\"image\/jpeg\" \/>\n<meta name=\"author\" content=\"vilafames\" \/>\n<meta name=\"twitter:card\" content=\"summary_large_image\" \/>\n<meta name=\"twitter:creator\" content=\"@ajtvilafames\" \/>\n<meta name=\"twitter:site\" content=\"@ajtvilafames\" \/>\n<meta name=\"twitter:label1\" content=\"Escrito por\" \/>\n\t<meta name=\"twitter:data1\" content=\"vilafames\" \/>\n\t<meta name=\"twitter:label2\" content=\"Tiempo de lectura\" \/>\n\t<meta name=\"twitter:data2\" content=\"1 minuto\" \/>\n<script type=\"application\/ld+json\" class=\"yoast-schema-graph\">{\"@context\":\"https:\/\/schema.org\",\"@graph\":[{\"@type\":\"Article\",\"@id\":\"https:\/\/vilafames.org\/espanol-vilafames-solidario-con-el-pueblo-de-siria\/#article\",\"isPartOf\":{\"@id\":\"https:\/\/vilafames.org\/espanol-vilafames-solidario-con-el-pueblo-de-siria\/\"},\"author\":{\"name\":\"vilafames\",\"@id\":\"https:\/\/vilafames.org\/#\/schema\/person\/401579137df63da0da256a349addf0f0\"},\"headline\":\"Vilafam\u00e9s solidario con el pueblo de Siria\",\"datePublished\":\"2016-06-14T19:28:23+00:00\",\"dateModified\":\"2016-11-04T19:56:28+00:00\",\"mainEntityOfPage\":{\"@id\":\"https:\/\/vilafames.org\/espanol-vilafames-solidario-con-el-pueblo-de-siria\/\"},\"wordCount\":252,\"commentCount\":0,\"publisher\":{\"@id\":\"https:\/\/vilafames.org\/#organization\"},\"image\":{\"@id\":\"https:\/\/vilafames.org\/espanol-vilafames-solidario-con-el-pueblo-de-siria\/#primaryimage\"},\"thumbnailUrl\":\"https:\/\/vilafames.org\/wp-content\/uploads\/ajuda_siria1.jpg\",\"articleSection\":[\"Noticias\"],\"inLanguage\":\"es\",\"potentialAction\":[{\"@type\":\"CommentAction\",\"name\":\"Comment\",\"target\":[\"https:\/\/vilafames.org\/espanol-vilafames-solidario-con-el-pueblo-de-siria\/#respond\"]}]},{\"@type\":\"WebPage\",\"@id\":\"https:\/\/vilafames.org\/espanol-vilafames-solidario-con-el-pueblo-de-siria\/\",\"url\":\"https:\/\/vilafames.org\/espanol-vilafames-solidario-con-el-pueblo-de-siria\/\",\"name\":\"[:ca]Vilafam\u00e9s solidari amb el poble de S\u00edria[:es]Vilafam\u00e9s solidario con el pueblo de Siria[:] - Web de l&#039;Ajuntament de Vilafam\u00e9s\",\"isPartOf\":{\"@id\":\"https:\/\/vilafames.org\/#website\"},\"primaryImageOfPage\":{\"@id\":\"https:\/\/vilafames.org\/espanol-vilafames-solidario-con-el-pueblo-de-siria\/#primaryimage\"},\"image\":{\"@id\":\"https:\/\/vilafames.org\/espanol-vilafames-solidario-con-el-pueblo-de-siria\/#primaryimage\"},\"thumbnailUrl\":\"https:\/\/vilafames.org\/wp-content\/uploads\/ajuda_siria1.jpg\",\"datePublished\":\"2016-06-14T19:28:23+00:00\",\"dateModified\":\"2016-11-04T19:56:28+00:00\",\"breadcrumb\":{\"@id\":\"https:\/\/vilafames.org\/espanol-vilafames-solidario-con-el-pueblo-de-siria\/#breadcrumb\"},\"inLanguage\":\"es\",\"potentialAction\":[{\"@type\":\"ReadAction\",\"target\":[\"https:\/\/vilafames.org\/espanol-vilafames-solidario-con-el-pueblo-de-siria\/\"]}]},{\"@type\":\"ImageObject\",\"inLanguage\":\"es\",\"@id\":\"https:\/\/vilafames.org\/espanol-vilafames-solidario-con-el-pueblo-de-siria\/#primaryimage\",\"url\":\"https:\/\/vilafames.org\/wp-content\/uploads\/ajuda_siria1.jpg\",\"contentUrl\":\"https:\/\/vilafames.org\/wp-content\/uploads\/ajuda_siria1.jpg\",\"width\":1200,\"height\":675},{\"@type\":\"BreadcrumbList\",\"@id\":\"https:\/\/vilafames.org\/espanol-vilafames-solidario-con-el-pueblo-de-siria\/#breadcrumb\",\"itemListElement\":[{\"@type\":\"ListItem\",\"position\":1,\"name\":\"Inici\",\"item\":\"https:\/\/vilafames.org\/\"},{\"@type\":\"ListItem\",\"position\":2,\"name\":\"Vilafam\u00e9s solidari amb el poble de S\u00edria\"}]},{\"@type\":\"WebSite\",\"@id\":\"https:\/\/vilafames.org\/#website\",\"url\":\"https:\/\/vilafames.org\/\",\"name\":\"Web de l'Ajuntament de Vilafam\u00e9s\",\"description\":\"Web de l&#039;Ajuntament de Vilafam\u00e9s\",\"publisher\":{\"@id\":\"https:\/\/vilafames.org\/#organization\"},\"potentialAction\":[{\"@type\":\"SearchAction\",\"target\":{\"@type\":\"EntryPoint\",\"urlTemplate\":\"https:\/\/vilafames.org\/?s={search_term_string}\"},\"query-input\":{\"@type\":\"PropertyValueSpecification\",\"valueRequired\":true,\"valueName\":\"search_term_string\"}}],\"inLanguage\":\"es\"},{\"@type\":\"Organization\",\"@id\":\"https:\/\/vilafames.org\/#organization\",\"name\":\"Web de l'Ajuntament de Vilafam\u00e9s\",\"url\":\"https:\/\/vilafames.org\/\",\"logo\":{\"@type\":\"ImageObject\",\"inLanguage\":\"es\",\"@id\":\"https:\/\/vilafames.org\/#\/schema\/logo\/image\/\",\"url\":\"https:\/\/vilafames.org\/wp-content\/uploads\/cropped-marca_v_rgb-1-1.png\",\"contentUrl\":\"https:\/\/vilafames.org\/wp-content\/uploads\/cropped-marca_v_rgb-1-1.png\",\"width\":558,\"height\":269,\"caption\":\"Web de l'Ajuntament de Vilafam\u00e9s\"},\"image\":{\"@id\":\"https:\/\/vilafames.org\/#\/schema\/logo\/image\/\"},\"sameAs\":[\"https:\/\/www.facebook.com\/AjuntamentVilafames\",\"https:\/\/x.com\/ajtvilafames\",\"https:\/\/www.instagram.com\/ajuntamentvilafames\/\",\"https:\/\/www.youtube.com\/channel\/UCjXWt3n8FHiahgKqHZWOTXQ\"]},{\"@type\":\"Person\",\"@id\":\"https:\/\/vilafames.org\/#\/schema\/person\/401579137df63da0da256a349addf0f0\",\"name\":\"vilafames\",\"url\":\"https:\/\/vilafames.org\/es\/author\/vilafames\/\"}]}<\/script>\n<!-- \/ Yoast SEO plugin. -->","yoast_head_json":{"title":"[:ca]Vilafam\u00e9s solidari amb el poble de S\u00edria[:es]Vilafam\u00e9s solidario con el pueblo de Siria[:] - Web de l&#039;Ajuntament de Vilafam\u00e9s","robots":{"index":"index","follow":"follow","max-snippet":"max-snippet:-1","max-image-preview":"max-image-preview:large","max-video-preview":"max-video-preview:-1"},"canonical":"https:\/\/vilafames.org\/espanol-vilafames-solidario-con-el-pueblo-de-siria\/","og_locale":"es_ES","og_type":"article","og_title":"[:ca]Vilafam\u00e9s solidari amb el poble de S\u00edria[:es]Vilafam\u00e9s solidario con el pueblo de Siria[:] - Web de l&#039;Ajuntament de Vilafam\u00e9s","og_description":"Las aportaciones de los vecinos de Vilafam\u00e9s en ayuda del pueblo de Siria saldr\u00e1n el pr\u00f3ximo 18 de junio. Las aportaciones de los vecinos de Vilafam\u00e9s de ayuda solidaria al pueblo de Siria saldr\u00e1n el pr\u00f3ximo 18 de junio. Se trata de materiales de primera necesidad que se han recogido en Vilafam\u00e9s y, junto a [&hellip;]","og_url":"https:\/\/vilafames.org\/espanol-vilafames-solidario-con-el-pueblo-de-siria\/","og_site_name":"Web de l&#039;Ajuntament de Vilafam\u00e9s","article_publisher":"https:\/\/www.facebook.com\/AjuntamentVilafames","article_published_time":"2016-06-14T19:28:23+00:00","article_modified_time":"2016-11-04T19:56:28+00:00","og_image":[{"width":1200,"height":675,"url":"https:\/\/vilafames.org\/wp-content\/uploads\/ajuda_siria1.jpg","type":"image\/jpeg"}],"author":"vilafames","twitter_card":"summary_large_image","twitter_creator":"@ajtvilafames","twitter_site":"@ajtvilafames","twitter_misc":{"Escrito por":"vilafames","Tiempo de lectura":"1 minuto"},"schema":{"@context":"https:\/\/schema.org","@graph":[{"@type":"Article","@id":"https:\/\/vilafames.org\/espanol-vilafames-solidario-con-el-pueblo-de-siria\/#article","isPartOf":{"@id":"https:\/\/vilafames.org\/espanol-vilafames-solidario-con-el-pueblo-de-siria\/"},"author":{"name":"vilafames","@id":"https:\/\/vilafames.org\/#\/schema\/person\/401579137df63da0da256a349addf0f0"},"headline":"Vilafam\u00e9s solidario con el pueblo de Siria","datePublished":"2016-06-14T19:28:23+00:00","dateModified":"2016-11-04T19:56:28+00:00","mainEntityOfPage":{"@id":"https:\/\/vilafames.org\/espanol-vilafames-solidario-con-el-pueblo-de-siria\/"},"wordCount":252,"commentCount":0,"publisher":{"@id":"https:\/\/vilafames.org\/#organization"},"image":{"@id":"https:\/\/vilafames.org\/espanol-vilafames-solidario-con-el-pueblo-de-siria\/#primaryimage"},"thumbnailUrl":"https:\/\/vilafames.org\/wp-content\/uploads\/ajuda_siria1.jpg","articleSection":["Noticias"],"inLanguage":"es","potentialAction":[{"@type":"CommentAction","name":"Comment","target":["https:\/\/vilafames.org\/espanol-vilafames-solidario-con-el-pueblo-de-siria\/#respond"]}]},{"@type":"WebPage","@id":"https:\/\/vilafames.org\/espanol-vilafames-solidario-con-el-pueblo-de-siria\/","url":"https:\/\/vilafames.org\/espanol-vilafames-solidario-con-el-pueblo-de-siria\/","name":"[:ca]Vilafam\u00e9s solidari amb el poble de S\u00edria[:es]Vilafam\u00e9s solidario con el pueblo de Siria[:] - Web de l&#039;Ajuntament de Vilafam\u00e9s","isPartOf":{"@id":"https:\/\/vilafames.org\/#website"},"primaryImageOfPage":{"@id":"https:\/\/vilafames.org\/espanol-vilafames-solidario-con-el-pueblo-de-siria\/#primaryimage"},"image":{"@id":"https:\/\/vilafames.org\/espanol-vilafames-solidario-con-el-pueblo-de-siria\/#primaryimage"},"thumbnailUrl":"https:\/\/vilafames.org\/wp-content\/uploads\/ajuda_siria1.jpg","datePublished":"2016-06-14T19:28:23+00:00","dateModified":"2016-11-04T19:56:28+00:00","breadcrumb":{"@id":"https:\/\/vilafames.org\/espanol-vilafames-solidario-con-el-pueblo-de-siria\/#breadcrumb"},"inLanguage":"es","potentialAction":[{"@type":"ReadAction","target":["https:\/\/vilafames.org\/espanol-vilafames-solidario-con-el-pueblo-de-siria\/"]}]},{"@type":"ImageObject","inLanguage":"es","@id":"https:\/\/vilafames.org\/espanol-vilafames-solidario-con-el-pueblo-de-siria\/#primaryimage","url":"https:\/\/vilafames.org\/wp-content\/uploads\/ajuda_siria1.jpg","contentUrl":"https:\/\/vilafames.org\/wp-content\/uploads\/ajuda_siria1.jpg","width":1200,"height":675},{"@type":"BreadcrumbList","@id":"https:\/\/vilafames.org\/espanol-vilafames-solidario-con-el-pueblo-de-siria\/#breadcrumb","itemListElement":[{"@type":"ListItem","position":1,"name":"Inici","item":"https:\/\/vilafames.org\/"},{"@type":"ListItem","position":2,"name":"Vilafam\u00e9s solidari amb el poble de S\u00edria"}]},{"@type":"WebSite","@id":"https:\/\/vilafames.org\/#website","url":"https:\/\/vilafames.org\/","name":"Web de l'Ajuntament de Vilafam\u00e9s","description":"Web de l&#039;Ajuntament de Vilafam\u00e9s","publisher":{"@id":"https:\/\/vilafames.org\/#organization"},"potentialAction":[{"@type":"SearchAction","target":{"@type":"EntryPoint","urlTemplate":"https:\/\/vilafames.org\/?s={search_term_string}"},"query-input":{"@type":"PropertyValueSpecification","valueRequired":true,"valueName":"search_term_string"}}],"inLanguage":"es"},{"@type":"Organization","@id":"https:\/\/vilafames.org\/#organization","name":"Web de l'Ajuntament de Vilafam\u00e9s","url":"https:\/\/vilafames.org\/","logo":{"@type":"ImageObject","inLanguage":"es","@id":"https:\/\/vilafames.org\/#\/schema\/logo\/image\/","url":"https:\/\/vilafames.org\/wp-content\/uploads\/cropped-marca_v_rgb-1-1.png","contentUrl":"https:\/\/vilafames.org\/wp-content\/uploads\/cropped-marca_v_rgb-1-1.png","width":558,"height":269,"caption":"Web de l'Ajuntament de Vilafam\u00e9s"},"image":{"@id":"https:\/\/vilafames.org\/#\/schema\/logo\/image\/"},"sameAs":["https:\/\/www.facebook.com\/AjuntamentVilafames","https:\/\/x.com\/ajtvilafames","https:\/\/www.instagram.com\/ajuntamentvilafames\/","https:\/\/www.youtube.com\/channel\/UCjXWt3n8FHiahgKqHZWOTXQ"]},{"@type":"Person","@id":"https:\/\/vilafames.org\/#\/schema\/person\/401579137df63da0da256a349addf0f0","name":"vilafames","url":"https:\/\/vilafames.org\/es\/author\/vilafames\/"}]}},"_links":{"self":[{"href":"https:\/\/vilafames.org\/es\/wp-json\/wp\/v2\/posts\/312","targetHints":{"allow":["GET"]}}],"collection":[{"href":"https:\/\/vilafames.org\/es\/wp-json\/wp\/v2\/posts"}],"about":[{"href":"https:\/\/vilafames.org\/es\/wp-json\/wp\/v2\/types\/post"}],"author":[{"embeddable":true,"href":"https:\/\/vilafames.org\/es\/wp-json\/wp\/v2\/users\/3"}],"replies":[{"embeddable":true,"href":"https:\/\/vilafames.org\/es\/wp-json\/wp\/v2\/comments?post=312"}],"version-history":[{"count":0,"href":"https:\/\/vilafames.org\/es\/wp-json\/wp\/v2\/posts\/312\/revisions"}],"wp:featuredmedia":[{"embeddable":true,"href":"https:\/\/vilafames.org\/es\/wp-json\/wp\/v2\/media\/313"}],"wp:attachment":[{"href":"https:\/\/vilafames.org\/es\/wp-json\/wp\/v2\/media?parent=312"}],"wp:term":[{"taxonomy":"category","embeddable":true,"href":"https:\/\/vilafames.org\/es\/wp-json\/wp\/v2\/categories?post=312"},{"taxonomy":"post_tag","embeddable":true,"href":"https:\/\/vilafames.org\/es\/wp-json\/wp\/v2\/tags?post=312"}],"curies":[{"name":"wp","href":"https:\/\/api.w.org\/{rel}","templated":true}]}}