{"id":1312,"date":"2017-01-03T12:03:53","date_gmt":"2017-01-03T11:03:53","guid":{"rendered":"http:\/\/vilafames.org\/?p=1312"},"modified":"2017-01-06T10:25:59","modified_gmt":"2017-01-06T09:25:59","slug":"condicionament-de-labric-del-castell-de-vilafames","status":"publish","type":"post","link":"https:\/\/vilafames.org\/es\/condicionament-de-labric-del-castell-de-vilafames\/","title":{"rendered":"Acondicionamiento del Abrigo del Castillo"},"content":{"rendered":"<p>\n<p style=\"text-align: justify;\">El abrigo de las pinturas del Castillo se ha visto mejorado para favorecer las visitas tur\u00edsticas y la finalidad did\u00e1ctica del patrimonio hist\u00f3rico. Se han desbrozado los accesos y se han construido una serie de escalones y descansillos para acceder con facilidad al abrigo de las pinturas rupestres. Todo el proceso ha sido supervisado por t\u00e9cnicos de la Conselleria de Cultura i Patrimoni y por el arque\u00f3logo Ximo Alfonso, que ha vigilado de forma permanente el proceso de intervenci\u00f3n.<!--more--><\/p>\n<p style=\"text-align: justify;\">Las medidas extremas de control se deben principalmente a la importancia del yacimiento, dado que forma parte del conjunto de arte rupestre del arco mediterr\u00e1neo declarado Patrimonio de la Humanidad por la UNESCO. De las diferentes figuras pict\u00f3ricas del abrigo de Vilafam\u00e9s destaca la trazada en forma de espiral, la m\u00e1s conocida de todas y objeto de estudio. La intervenci\u00f3n ha sido financiada por el Ayuntamiento de Vilafam\u00e9s y por la Diputaci\u00f3n de Castell\u00f3n.<\/p>\n<p style=\"text-align: justify;\">Seg\u00fan el regidor de Cultura, Longi Gil, \u00abSe trata de una peque\u00f1a inversi\u00f3n para acondicionar un important\u00edsimo bien patrimonial que hace a\u00f1os que est\u00e1 desatendido. El equipo de gobierno del Pacto del Batle quiere potenciar y cumplir con la finalidad did\u00e1ctica del patrimonio hist\u00f3rico y art\u00edstico de Vilafam\u00e9s\u00bb.<\/p>\n<p>","protected":false},"excerpt":{"rendered":"<p>Disculpa, pero esta entrada est\u00e1 disponible s\u00f3lo en Valenciano:, : y %.<\/p>\n","protected":false},"author":3,"featured_media":1316,"comment_status":"open","ping_status":"open","sticky":false,"template":"","format":"standard","meta":{"footnotes":""},"categories":[1],"tags":[259,273,163,266,278,268,279,169,264,282,281,270,272,262,261,105,269,260,280,276,263,271,277,265,274,275,267],"class_list":["post-1312","post","type-post","status-publish","format-standard","has-post-thumbnail","hentry","category-noticies","tag-abric-de-les-pintures-del-castell","tag-abrigo-de-las-pinturas-del-castillo","tag-ajuntament-de-vilafames","tag-arqueoleg","tag-arqueologo","tag-art-rupestre-del-larc-mediterrani","tag-arte-rupestre-del-arco-mediterraneo","tag-ayuntamiento-de-vilafames","tag-conselleria-de-cultura-i-patrimoni","tag-diputacio-de-castello","tag-diputacion-de-castellon","tag-espiral","tag-longi-gil","tag-mejoras","tag-millores","tag-pacte-del-batle","tag-patrimoni-de-la-humanitat-per-la-unesco","tag-patrimoni-historic","tag-patrimonio-de-la-humanidad-por-la-unesco","tag-patrimonio-historico","tag-pintures-rupestres","tag-regidor-de-cultura","tag-tecnicos","tag-tecnics","tag-visitas-turisticas","tag-visites-turistiques","tag-ximo-alfonso"],"yoast_head":"<!-- This site is optimized with the Yoast SEO plugin v24.8.1 - https:\/\/yoast.com\/wordpress\/plugins\/seo\/ -->\n<title>Acondicionamiento del Abrigo del Castillo - Web de l&#039;Ajuntament de Vilafam\u00e9s<\/title>\n<meta name=\"robots\" content=\"index, follow, max-snippet:-1, max-image-preview:large, max-video-preview:-1\" \/>\n<link rel=\"canonical\" href=\"https:\/\/vilafames.org\/condicionament-de-labric-del-castell-de-vilafames\/\" \/>\n<meta property=\"og:locale\" content=\"es_ES\" \/>\n<meta property=\"og:type\" content=\"article\" \/>\n<meta property=\"og:title\" content=\"[:ca]Condicionament de l&#039;Abric del Castell[:es]Acondicionamiento del Abrigo del Castillo[:] - Web de l&#039;Ajuntament de Vilafam\u00e9s\" \/>\n<meta property=\"og:description\" content=\"Disculpa, pero esta entrada est\u00e1 disponible s\u00f3lo en Valenciano:, : y %.\" \/>\n<meta property=\"og:url\" content=\"https:\/\/vilafames.org\/condicionament-de-labric-del-castell-de-vilafames\/\" \/>\n<meta property=\"og:site_name\" content=\"Web de l&#039;Ajuntament de Vilafam\u00e9s\" \/>\n<meta property=\"article:publisher\" content=\"https:\/\/www.facebook.com\/AjuntamentVilafames\" \/>\n<meta property=\"article:published_time\" content=\"2017-01-03T11:03:53+00:00\" \/>\n<meta property=\"article:modified_time\" content=\"2017-01-06T09:25:59+00:00\" \/>\n<meta property=\"og:image\" content=\"https:\/\/vilafames.org\/wp-content\/uploads\/AbricCastellVilafam\u00e9s.jpg\" \/>\n\t<meta property=\"og:image:width\" content=\"800\" \/>\n\t<meta property=\"og:image:height\" content=\"534\" \/>\n\t<meta property=\"og:image:type\" content=\"image\/jpeg\" \/>\n<meta name=\"author\" content=\"vilafames\" \/>\n<meta name=\"twitter:card\" content=\"summary_large_image\" \/>\n<meta name=\"twitter:creator\" content=\"@ajtvilafames\" \/>\n<meta name=\"twitter:site\" content=\"@ajtvilafames\" \/>\n<meta name=\"twitter:label1\" content=\"Escrito por\" \/>\n\t<meta name=\"twitter:data1\" content=\"vilafames\" \/>\n\t<meta name=\"twitter:label2\" content=\"Tiempo de lectura\" \/>\n\t<meta name=\"twitter:data2\" content=\"2 minutos\" \/>\n<script type=\"application\/ld+json\" class=\"yoast-schema-graph\">{\"@context\":\"https:\/\/schema.org\",\"@graph\":[{\"@type\":\"Article\",\"@id\":\"https:\/\/vilafames.org\/condicionament-de-labric-del-castell-de-vilafames\/#article\",\"isPartOf\":{\"@id\":\"https:\/\/vilafames.org\/condicionament-de-labric-del-castell-de-vilafames\/\"},\"author\":{\"name\":\"vilafames\",\"@id\":\"https:\/\/vilafames.org\/#\/schema\/person\/401579137df63da0da256a349addf0f0\"},\"headline\":\"Acondicionamiento del Abrigo del Castillo\",\"datePublished\":\"2017-01-03T11:03:53+00:00\",\"dateModified\":\"2017-01-06T09:25:59+00:00\",\"mainEntityOfPage\":{\"@id\":\"https:\/\/vilafames.org\/condicionament-de-labric-del-castell-de-vilafames\/\"},\"wordCount\":449,\"commentCount\":0,\"publisher\":{\"@id\":\"https:\/\/vilafames.org\/#organization\"},\"image\":{\"@id\":\"https:\/\/vilafames.org\/condicionament-de-labric-del-castell-de-vilafames\/#primaryimage\"},\"thumbnailUrl\":\"https:\/\/vilafames.org\/wp-content\/uploads\/AbricCastellVilafam\u00e9s.jpg\",\"keywords\":[\"abric de les pintures del Castell\",\"abrigo de las pinturas del Castillo\",\"Ajuntament de Vilafam\u00e9s\",\"arque\u00f2leg\",\"arque\u00f3logo\",\"art rupestre del l'arc mediterrani\",\"arte rupestre del arco mediterr\u00e1neo\",\"Ayuntamiento de Vilafam\u00e9s\",\"Conselleria de Cultura i Patrimoni\",\"Diputaci\u00f3 de Castell\u00f3\",\"Diputaci\u00f3n de Castell\u00f3n\",\"espiral\",\"Longi Gil\",\"mejoras\",\"millores\",\"Pacte del Batle\",\"Patrimoni de la Humanitat per la UNESCO\",\"patrimoni hist\u00f2ric\",\"Patrimonio de la Humanidad por la UNESCO\",\"patrimonio hist\u00f3rico\",\"pintures rupestres\",\"regidor de Cultura\",\"t\u00e9cnicos\",\"t\u00e8cnics\",\"visitas tur\u00edsticas\",\"visites tur\u00edstiques\",\"Ximo Alfonso\"],\"articleSection\":[\"Noticias\"],\"inLanguage\":\"es\",\"potentialAction\":[{\"@type\":\"CommentAction\",\"name\":\"Comment\",\"target\":[\"https:\/\/vilafames.org\/condicionament-de-labric-del-castell-de-vilafames\/#respond\"]}]},{\"@type\":\"WebPage\",\"@id\":\"https:\/\/vilafames.org\/condicionament-de-labric-del-castell-de-vilafames\/\",\"url\":\"https:\/\/vilafames.org\/condicionament-de-labric-del-castell-de-vilafames\/\",\"name\":\"[:ca]Condicionament de l'Abric del Castell[:es]Acondicionamiento del Abrigo del Castillo[:] - Web de l&#039;Ajuntament de Vilafam\u00e9s\",\"isPartOf\":{\"@id\":\"https:\/\/vilafames.org\/#website\"},\"primaryImageOfPage\":{\"@id\":\"https:\/\/vilafames.org\/condicionament-de-labric-del-castell-de-vilafames\/#primaryimage\"},\"image\":{\"@id\":\"https:\/\/vilafames.org\/condicionament-de-labric-del-castell-de-vilafames\/#primaryimage\"},\"thumbnailUrl\":\"https:\/\/vilafames.org\/wp-content\/uploads\/AbricCastellVilafam\u00e9s.jpg\",\"datePublished\":\"2017-01-03T11:03:53+00:00\",\"dateModified\":\"2017-01-06T09:25:59+00:00\",\"breadcrumb\":{\"@id\":\"https:\/\/vilafames.org\/condicionament-de-labric-del-castell-de-vilafames\/#breadcrumb\"},\"inLanguage\":\"es\",\"potentialAction\":[{\"@type\":\"ReadAction\",\"target\":[\"https:\/\/vilafames.org\/condicionament-de-labric-del-castell-de-vilafames\/\"]}]},{\"@type\":\"ImageObject\",\"inLanguage\":\"es\",\"@id\":\"https:\/\/vilafames.org\/condicionament-de-labric-del-castell-de-vilafames\/#primaryimage\",\"url\":\"https:\/\/vilafames.org\/wp-content\/uploads\/AbricCastellVilafam\u00e9s.jpg\",\"contentUrl\":\"https:\/\/vilafames.org\/wp-content\/uploads\/AbricCastellVilafam\u00e9s.jpg\",\"width\":800,\"height\":534,\"caption\":\"Millores en l'Abric del Castell\"},{\"@type\":\"BreadcrumbList\",\"@id\":\"https:\/\/vilafames.org\/condicionament-de-labric-del-castell-de-vilafames\/#breadcrumb\",\"itemListElement\":[{\"@type\":\"ListItem\",\"position\":1,\"name\":\"Inici\",\"item\":\"https:\/\/vilafames.org\/\"},{\"@type\":\"ListItem\",\"position\":2,\"name\":\"Condicionament de l&#8217;Abric del Castell\"}]},{\"@type\":\"WebSite\",\"@id\":\"https:\/\/vilafames.org\/#website\",\"url\":\"https:\/\/vilafames.org\/\",\"name\":\"Web de l'Ajuntament de Vilafam\u00e9s\",\"description\":\"Web de l&#039;Ajuntament de Vilafam\u00e9s\",\"publisher\":{\"@id\":\"https:\/\/vilafames.org\/#organization\"},\"potentialAction\":[{\"@type\":\"SearchAction\",\"target\":{\"@type\":\"EntryPoint\",\"urlTemplate\":\"https:\/\/vilafames.org\/?s={search_term_string}\"},\"query-input\":{\"@type\":\"PropertyValueSpecification\",\"valueRequired\":true,\"valueName\":\"search_term_string\"}}],\"inLanguage\":\"es\"},{\"@type\":\"Organization\",\"@id\":\"https:\/\/vilafames.org\/#organization\",\"name\":\"Web de l'Ajuntament de Vilafam\u00e9s\",\"url\":\"https:\/\/vilafames.org\/\",\"logo\":{\"@type\":\"ImageObject\",\"inLanguage\":\"es\",\"@id\":\"https:\/\/vilafames.org\/#\/schema\/logo\/image\/\",\"url\":\"https:\/\/vilafames.org\/wp-content\/uploads\/cropped-marca_v_rgb-1-1.png\",\"contentUrl\":\"https:\/\/vilafames.org\/wp-content\/uploads\/cropped-marca_v_rgb-1-1.png\",\"width\":558,\"height\":269,\"caption\":\"Web de l'Ajuntament de Vilafam\u00e9s\"},\"image\":{\"@id\":\"https:\/\/vilafames.org\/#\/schema\/logo\/image\/\"},\"sameAs\":[\"https:\/\/www.facebook.com\/AjuntamentVilafames\",\"https:\/\/x.com\/ajtvilafames\",\"https:\/\/www.instagram.com\/ajuntamentvilafames\/\",\"https:\/\/www.youtube.com\/channel\/UCjXWt3n8FHiahgKqHZWOTXQ\"]},{\"@type\":\"Person\",\"@id\":\"https:\/\/vilafames.org\/#\/schema\/person\/401579137df63da0da256a349addf0f0\",\"name\":\"vilafames\",\"url\":\"https:\/\/vilafames.org\/es\/author\/vilafames\/\"}]}<\/script>\n<!-- \/ Yoast SEO plugin. -->","yoast_head_json":{"title":"[:ca]Condicionament de l'Abric del Castell[:es]Acondicionamiento del Abrigo del Castillo[:] - Web de l&#039;Ajuntament de Vilafam\u00e9s","robots":{"index":"index","follow":"follow","max-snippet":"max-snippet:-1","max-image-preview":"max-image-preview:large","max-video-preview":"max-video-preview:-1"},"canonical":"https:\/\/vilafames.org\/condicionament-de-labric-del-castell-de-vilafames\/","og_locale":"es_ES","og_type":"article","og_title":"[:ca]Condicionament de l'Abric del Castell[:es]Acondicionamiento del Abrigo del Castillo[:] - Web de l&#039;Ajuntament de Vilafam\u00e9s","og_description":"Disculpa, pero esta entrada est\u00e1 disponible s\u00f3lo en Valenciano:, : y %.","og_url":"https:\/\/vilafames.org\/condicionament-de-labric-del-castell-de-vilafames\/","og_site_name":"Web de l&#039;Ajuntament de Vilafam\u00e9s","article_publisher":"https:\/\/www.facebook.com\/AjuntamentVilafames","article_published_time":"2017-01-03T11:03:53+00:00","article_modified_time":"2017-01-06T09:25:59+00:00","og_image":[{"width":800,"height":534,"url":"https:\/\/vilafames.org\/wp-content\/uploads\/AbricCastellVilafam\u00e9s.jpg","type":"image\/jpeg"}],"author":"vilafames","twitter_card":"summary_large_image","twitter_creator":"@ajtvilafames","twitter_site":"@ajtvilafames","twitter_misc":{"Escrito por":"vilafames","Tiempo de lectura":"2 minutos"},"schema":{"@context":"https:\/\/schema.org","@graph":[{"@type":"Article","@id":"https:\/\/vilafames.org\/condicionament-de-labric-del-castell-de-vilafames\/#article","isPartOf":{"@id":"https:\/\/vilafames.org\/condicionament-de-labric-del-castell-de-vilafames\/"},"author":{"name":"vilafames","@id":"https:\/\/vilafames.org\/#\/schema\/person\/401579137df63da0da256a349addf0f0"},"headline":"Acondicionamiento del Abrigo del Castillo","datePublished":"2017-01-03T11:03:53+00:00","dateModified":"2017-01-06T09:25:59+00:00","mainEntityOfPage":{"@id":"https:\/\/vilafames.org\/condicionament-de-labric-del-castell-de-vilafames\/"},"wordCount":449,"commentCount":0,"publisher":{"@id":"https:\/\/vilafames.org\/#organization"},"image":{"@id":"https:\/\/vilafames.org\/condicionament-de-labric-del-castell-de-vilafames\/#primaryimage"},"thumbnailUrl":"https:\/\/vilafames.org\/wp-content\/uploads\/AbricCastellVilafam\u00e9s.jpg","keywords":["abric de les pintures del Castell","abrigo de las pinturas del Castillo","Ajuntament de Vilafam\u00e9s","arque\u00f2leg","arque\u00f3logo","art rupestre del l'arc mediterrani","arte rupestre del arco mediterr\u00e1neo","Ayuntamiento de Vilafam\u00e9s","Conselleria de Cultura i Patrimoni","Diputaci\u00f3 de Castell\u00f3","Diputaci\u00f3n de Castell\u00f3n","espiral","Longi Gil","mejoras","millores","Pacte del Batle","Patrimoni de la Humanitat per la UNESCO","patrimoni hist\u00f2ric","Patrimonio de la Humanidad por la UNESCO","patrimonio hist\u00f3rico","pintures rupestres","regidor de Cultura","t\u00e9cnicos","t\u00e8cnics","visitas tur\u00edsticas","visites tur\u00edstiques","Ximo Alfonso"],"articleSection":["Noticias"],"inLanguage":"es","potentialAction":[{"@type":"CommentAction","name":"Comment","target":["https:\/\/vilafames.org\/condicionament-de-labric-del-castell-de-vilafames\/#respond"]}]},{"@type":"WebPage","@id":"https:\/\/vilafames.org\/condicionament-de-labric-del-castell-de-vilafames\/","url":"https:\/\/vilafames.org\/condicionament-de-labric-del-castell-de-vilafames\/","name":"[:ca]Condicionament de l'Abric del Castell[:es]Acondicionamiento del Abrigo del Castillo[:] - Web de l&#039;Ajuntament de Vilafam\u00e9s","isPartOf":{"@id":"https:\/\/vilafames.org\/#website"},"primaryImageOfPage":{"@id":"https:\/\/vilafames.org\/condicionament-de-labric-del-castell-de-vilafames\/#primaryimage"},"image":{"@id":"https:\/\/vilafames.org\/condicionament-de-labric-del-castell-de-vilafames\/#primaryimage"},"thumbnailUrl":"https:\/\/vilafames.org\/wp-content\/uploads\/AbricCastellVilafam\u00e9s.jpg","datePublished":"2017-01-03T11:03:53+00:00","dateModified":"2017-01-06T09:25:59+00:00","breadcrumb":{"@id":"https:\/\/vilafames.org\/condicionament-de-labric-del-castell-de-vilafames\/#breadcrumb"},"inLanguage":"es","potentialAction":[{"@type":"ReadAction","target":["https:\/\/vilafames.org\/condicionament-de-labric-del-castell-de-vilafames\/"]}]},{"@type":"ImageObject","inLanguage":"es","@id":"https:\/\/vilafames.org\/condicionament-de-labric-del-castell-de-vilafames\/#primaryimage","url":"https:\/\/vilafames.org\/wp-content\/uploads\/AbricCastellVilafam\u00e9s.jpg","contentUrl":"https:\/\/vilafames.org\/wp-content\/uploads\/AbricCastellVilafam\u00e9s.jpg","width":800,"height":534,"caption":"Millores en l'Abric del Castell"},{"@type":"BreadcrumbList","@id":"https:\/\/vilafames.org\/condicionament-de-labric-del-castell-de-vilafames\/#breadcrumb","itemListElement":[{"@type":"ListItem","position":1,"name":"Inici","item":"https:\/\/vilafames.org\/"},{"@type":"ListItem","position":2,"name":"Condicionament de l&#8217;Abric del Castell"}]},{"@type":"WebSite","@id":"https:\/\/vilafames.org\/#website","url":"https:\/\/vilafames.org\/","name":"Web de l'Ajuntament de Vilafam\u00e9s","description":"Web de l&#039;Ajuntament de Vilafam\u00e9s","publisher":{"@id":"https:\/\/vilafames.org\/#organization"},"potentialAction":[{"@type":"SearchAction","target":{"@type":"EntryPoint","urlTemplate":"https:\/\/vilafames.org\/?s={search_term_string}"},"query-input":{"@type":"PropertyValueSpecification","valueRequired":true,"valueName":"search_term_string"}}],"inLanguage":"es"},{"@type":"Organization","@id":"https:\/\/vilafames.org\/#organization","name":"Web de l'Ajuntament de Vilafam\u00e9s","url":"https:\/\/vilafames.org\/","logo":{"@type":"ImageObject","inLanguage":"es","@id":"https:\/\/vilafames.org\/#\/schema\/logo\/image\/","url":"https:\/\/vilafames.org\/wp-content\/uploads\/cropped-marca_v_rgb-1-1.png","contentUrl":"https:\/\/vilafames.org\/wp-content\/uploads\/cropped-marca_v_rgb-1-1.png","width":558,"height":269,"caption":"Web de l'Ajuntament de Vilafam\u00e9s"},"image":{"@id":"https:\/\/vilafames.org\/#\/schema\/logo\/image\/"},"sameAs":["https:\/\/www.facebook.com\/AjuntamentVilafames","https:\/\/x.com\/ajtvilafames","https:\/\/www.instagram.com\/ajuntamentvilafames\/","https:\/\/www.youtube.com\/channel\/UCjXWt3n8FHiahgKqHZWOTXQ"]},{"@type":"Person","@id":"https:\/\/vilafames.org\/#\/schema\/person\/401579137df63da0da256a349addf0f0","name":"vilafames","url":"https:\/\/vilafames.org\/es\/author\/vilafames\/"}]}},"_links":{"self":[{"href":"https:\/\/vilafames.org\/es\/wp-json\/wp\/v2\/posts\/1312","targetHints":{"allow":["GET"]}}],"collection":[{"href":"https:\/\/vilafames.org\/es\/wp-json\/wp\/v2\/posts"}],"about":[{"href":"https:\/\/vilafames.org\/es\/wp-json\/wp\/v2\/types\/post"}],"author":[{"embeddable":true,"href":"https:\/\/vilafames.org\/es\/wp-json\/wp\/v2\/users\/3"}],"replies":[{"embeddable":true,"href":"https:\/\/vilafames.org\/es\/wp-json\/wp\/v2\/comments?post=1312"}],"version-history":[{"count":0,"href":"https:\/\/vilafames.org\/es\/wp-json\/wp\/v2\/posts\/1312\/revisions"}],"wp:featuredmedia":[{"embeddable":true,"href":"https:\/\/vilafames.org\/es\/wp-json\/wp\/v2\/media\/1316"}],"wp:attachment":[{"href":"https:\/\/vilafames.org\/es\/wp-json\/wp\/v2\/media?parent=1312"}],"wp:term":[{"taxonomy":"category","embeddable":true,"href":"https:\/\/vilafames.org\/es\/wp-json\/wp\/v2\/categories?post=1312"},{"taxonomy":"post_tag","embeddable":true,"href":"https:\/\/vilafames.org\/es\/wp-json\/wp\/v2\/tags?post=1312"}],"curies":[{"name":"wp","href":"https:\/\/api.w.org\/{rel}","templated":true}]}}