{"id":1234,"date":"2016-12-28T11:09:40","date_gmt":"2016-12-28T10:09:40","guid":{"rendered":"http:\/\/vilafames.org\/?p=1234"},"modified":"2017-01-05T13:32:41","modified_gmt":"2017-01-05T12:32:41","slug":"vilafames-planteja-a-la-generalitat-la-millora-dels-accessos-al-poligon","status":"publish","type":"post","link":"https:\/\/vilafames.org\/es\/vilafames-planteja-a-la-generalitat-la-millora-dels-accessos-al-poligon\/","title":{"rendered":"El ayuntamiento plantea a la Generalitat la mejora de los accesos al pol\u00edgono"},"content":{"rendered":"<p>\n<h3 style=\"text-align: justify;\">-El alcalde tambi\u00e9n solicita apoyo para la construcci\u00f3n de un aparcamiento<\/h3>\n<p style=\"text-align: justify;\">El Ayuntamiento de Vilafam\u00e9s ha planteado a la Generalitat Valenciana la creaci\u00f3n de unos nuevos accesos al pol\u00edgono para atender as\u00ed la demanda de las empresas instaladas en esta \u00e1rea industrial. El alcalde de Vilafam\u00e9s, Abel Ib\u00e1\u00f1ez, lo ha trasladado al director territorial de Presidencia, Adolf Sanmart\u00ed, en el encuentro que han mantenido en Cabanes junto con alcaldes de la comarca de La Plana Alta. En esta reuni\u00f3n cada municipio ha planteado sus prioridades.<!--more--><\/p>\n<p style=\"text-align: justify;\"><strong>Aparcamiento<\/strong><\/p>\n<p style=\"text-align: justify;\">Otra de las necesidades que ha apuntado el alcalde de Vilafam\u00e9s es la construcci\u00f3n de un aparcamiento que permita atender la llegada de visitantes a la localidad. Ib\u00e1\u00f1ez ha se\u00f1alado que Vilafam\u00e9s necesita infraestructura para facilitar un espacio adecuado a los turistas que llegan al municipio, sobre todo en periodos de mayores visitas como Semana Santa, el verano o los puentes festivos as\u00ed como cuando la localidad celebra eventos como Vilafam\u00e9s 1900 o bien las jornadas gastron\u00f3micas.<\/p>\n<p>","protected":false},"excerpt":{"rendered":"<p>Disculpa, pero esta entrada est\u00e1 disponible s\u00f3lo en Valenciano:, : y %.<\/p>\n","protected":false},"author":3,"featured_media":1237,"comment_status":"open","ping_status":"open","sticky":false,"template":"","format":"standard","meta":{"footnotes":""},"categories":[1],"tags":[189,214,163,191,215,169,220,216,221,213,66,212,225,226,219,218,85,227,222,217,223,224],"class_list":["post-1234","post","type-post","status-publish","format-standard","has-post-thumbnail","hentry","category-noticies","tag-abel-ibanez","tag-adolf-sanmarti","tag-ajuntament-de-vilafames","tag-alcalde-de-vilafames","tag-alcaldes-de-la-comarca-de-la-plana-alta","tag-ayuntamiento-de-vilafames","tag-comarca-de-la-plana-alta","tag-construccio-dun-aparcament","tag-construccion-de-un-aparcamiento","tag-director-territorial-de-presidencia","tag-estiu","tag-generalitat-valenciana","tag-jornadas-gastronomicas","tag-jornades-gastronomiques","tag-nous-accessos-al-poligon","tag-nuevos-accesos-al-poligono","tag-semana-santa","tag-setmana-santa","tag-turistas","tag-turistes","tag-verano","tag-vilafames-1900"],"yoast_head":"<!-- This site is optimized with the Yoast SEO plugin v24.8.1 - https:\/\/yoast.com\/wordpress\/plugins\/seo\/ -->\n<title>El ayuntamiento plantea a la Generalitat la mejora de los accesos al pol\u00edgono - Web de l&#039;Ajuntament de Vilafam\u00e9s<\/title>\n<meta name=\"robots\" content=\"index, follow, max-snippet:-1, max-image-preview:large, max-video-preview:-1\" \/>\n<link rel=\"canonical\" href=\"https:\/\/vilafames.org\/vilafames-planteja-a-la-generalitat-la-millora-dels-accessos-al-poligon\/\" \/>\n<meta property=\"og:locale\" content=\"es_ES\" \/>\n<meta property=\"og:type\" content=\"article\" \/>\n<meta property=\"og:title\" content=\"[:ca]L&#039;ajuntament planteja a la Generalitat la millora dels accessos al pol\u00edgon[:es]El ayuntamiento plantea a la Generalitat la mejora de los accesos al pol\u00edgono[:] - Web de l&#039;Ajuntament de Vilafam\u00e9s\" \/>\n<meta property=\"og:description\" content=\"Disculpa, pero esta entrada est\u00e1 disponible s\u00f3lo en Valenciano:, : y %.\" \/>\n<meta property=\"og:url\" content=\"https:\/\/vilafames.org\/vilafames-planteja-a-la-generalitat-la-millora-dels-accessos-al-poligon\/\" \/>\n<meta property=\"og:site_name\" content=\"Web de l&#039;Ajuntament de Vilafam\u00e9s\" \/>\n<meta property=\"article:publisher\" content=\"https:\/\/www.facebook.com\/AjuntamentVilafames\" \/>\n<meta property=\"article:published_time\" content=\"2016-12-28T10:09:40+00:00\" \/>\n<meta property=\"article:modified_time\" content=\"2017-01-05T12:32:41+00:00\" \/>\n<meta property=\"og:image\" content=\"https:\/\/vilafames.org\/wp-content\/uploads\/AcessosPol\u00edgonVilafam\u00e9s.jpg\" \/>\n\t<meta property=\"og:image:width\" content=\"800\" \/>\n\t<meta property=\"og:image:height\" content=\"534\" \/>\n\t<meta property=\"og:image:type\" content=\"image\/jpeg\" \/>\n<meta name=\"author\" content=\"vilafames\" \/>\n<meta name=\"twitter:card\" content=\"summary_large_image\" \/>\n<meta name=\"twitter:creator\" content=\"@ajtvilafames\" \/>\n<meta name=\"twitter:site\" content=\"@ajtvilafames\" \/>\n<meta name=\"twitter:label1\" content=\"Escrito por\" \/>\n\t<meta name=\"twitter:data1\" content=\"vilafames\" \/>\n\t<meta name=\"twitter:label2\" content=\"Tiempo de lectura\" \/>\n\t<meta name=\"twitter:data2\" content=\"2 minutos\" \/>\n<script type=\"application\/ld+json\" class=\"yoast-schema-graph\">{\"@context\":\"https:\/\/schema.org\",\"@graph\":[{\"@type\":\"Article\",\"@id\":\"https:\/\/vilafames.org\/vilafames-planteja-a-la-generalitat-la-millora-dels-accessos-al-poligon\/#article\",\"isPartOf\":{\"@id\":\"https:\/\/vilafames.org\/vilafames-planteja-a-la-generalitat-la-millora-dels-accessos-al-poligon\/\"},\"author\":{\"name\":\"vilafames\",\"@id\":\"https:\/\/vilafames.org\/#\/schema\/person\/401579137df63da0da256a349addf0f0\"},\"headline\":\"El ayuntamiento plantea a la Generalitat la mejora de los accesos al pol\u00edgono\",\"datePublished\":\"2016-12-28T10:09:40+00:00\",\"dateModified\":\"2017-01-05T12:32:41+00:00\",\"mainEntityOfPage\":{\"@id\":\"https:\/\/vilafames.org\/vilafames-planteja-a-la-generalitat-la-millora-dels-accessos-al-poligon\/\"},\"wordCount\":377,\"commentCount\":0,\"publisher\":{\"@id\":\"https:\/\/vilafames.org\/#organization\"},\"image\":{\"@id\":\"https:\/\/vilafames.org\/vilafames-planteja-a-la-generalitat-la-millora-dels-accessos-al-poligon\/#primaryimage\"},\"thumbnailUrl\":\"https:\/\/vilafames.org\/wp-content\/uploads\/AcessosPol\u00edgonVilafam\u00e9s.jpg\",\"keywords\":[\"Abel Ib\u00e1\u00f1ez.\",\"Adolf Sanmart\u00ed\",\"Ajuntament de Vilafam\u00e9s\",\"alcalde de Vilafam\u00e9s\",\"alcaldes de la comarca de la Plana Alta\",\"Ayuntamiento de Vilafam\u00e9s\",\"comarca de La Plana Alta\",\"construcci\u00f3 d'un aparcament\",\"construcci\u00f3n de un aparcamiento\",\"director territorial de Presid\u00e8ncia\",\"estiu\",\"Generalitat Valenciana\",\"jornadas gastron\u00f3micas\",\"jornades gastron\u00f2miques\",\"nous accessos al pol\u00edgon\",\"nuevos accesos al pol\u00edgono\",\"Semana Santa\",\"Setmana Santa\",\"turistas\",\"turistes\",\"verano\",\"Vilafam\u00e9s 1900\"],\"articleSection\":[\"Noticias\"],\"inLanguage\":\"es\",\"potentialAction\":[{\"@type\":\"CommentAction\",\"name\":\"Comment\",\"target\":[\"https:\/\/vilafames.org\/vilafames-planteja-a-la-generalitat-la-millora-dels-accessos-al-poligon\/#respond\"]}]},{\"@type\":\"WebPage\",\"@id\":\"https:\/\/vilafames.org\/vilafames-planteja-a-la-generalitat-la-millora-dels-accessos-al-poligon\/\",\"url\":\"https:\/\/vilafames.org\/vilafames-planteja-a-la-generalitat-la-millora-dels-accessos-al-poligon\/\",\"name\":\"[:ca]L'ajuntament planteja a la Generalitat la millora dels accessos al pol\u00edgon[:es]El ayuntamiento plantea a la Generalitat la mejora de los accesos al pol\u00edgono[:] - Web de l&#039;Ajuntament de Vilafam\u00e9s\",\"isPartOf\":{\"@id\":\"https:\/\/vilafames.org\/#website\"},\"primaryImageOfPage\":{\"@id\":\"https:\/\/vilafames.org\/vilafames-planteja-a-la-generalitat-la-millora-dels-accessos-al-poligon\/#primaryimage\"},\"image\":{\"@id\":\"https:\/\/vilafames.org\/vilafames-planteja-a-la-generalitat-la-millora-dels-accessos-al-poligon\/#primaryimage\"},\"thumbnailUrl\":\"https:\/\/vilafames.org\/wp-content\/uploads\/AcessosPol\u00edgonVilafam\u00e9s.jpg\",\"datePublished\":\"2016-12-28T10:09:40+00:00\",\"dateModified\":\"2017-01-05T12:32:41+00:00\",\"breadcrumb\":{\"@id\":\"https:\/\/vilafames.org\/vilafames-planteja-a-la-generalitat-la-millora-dels-accessos-al-poligon\/#breadcrumb\"},\"inLanguage\":\"es\",\"potentialAction\":[{\"@type\":\"ReadAction\",\"target\":[\"https:\/\/vilafames.org\/vilafames-planteja-a-la-generalitat-la-millora-dels-accessos-al-poligon\/\"]}]},{\"@type\":\"ImageObject\",\"inLanguage\":\"es\",\"@id\":\"https:\/\/vilafames.org\/vilafames-planteja-a-la-generalitat-la-millora-dels-accessos-al-poligon\/#primaryimage\",\"url\":\"https:\/\/vilafames.org\/wp-content\/uploads\/AcessosPol\u00edgonVilafam\u00e9s.jpg\",\"contentUrl\":\"https:\/\/vilafames.org\/wp-content\/uploads\/AcessosPol\u00edgonVilafam\u00e9s.jpg\",\"width\":800,\"height\":534,\"caption\":\"Accessos al pol\u00edgon de Vilafam\u00e9s\"},{\"@type\":\"BreadcrumbList\",\"@id\":\"https:\/\/vilafames.org\/vilafames-planteja-a-la-generalitat-la-millora-dels-accessos-al-poligon\/#breadcrumb\",\"itemListElement\":[{\"@type\":\"ListItem\",\"position\":1,\"name\":\"Inici\",\"item\":\"https:\/\/vilafames.org\/\"},{\"@type\":\"ListItem\",\"position\":2,\"name\":\"L&#8217;ajuntament planteja a la Generalitat la millora dels accessos al pol\u00edgon\"}]},{\"@type\":\"WebSite\",\"@id\":\"https:\/\/vilafames.org\/#website\",\"url\":\"https:\/\/vilafames.org\/\",\"name\":\"Web de l'Ajuntament de Vilafam\u00e9s\",\"description\":\"Web de l&#039;Ajuntament de Vilafam\u00e9s\",\"publisher\":{\"@id\":\"https:\/\/vilafames.org\/#organization\"},\"potentialAction\":[{\"@type\":\"SearchAction\",\"target\":{\"@type\":\"EntryPoint\",\"urlTemplate\":\"https:\/\/vilafames.org\/?s={search_term_string}\"},\"query-input\":{\"@type\":\"PropertyValueSpecification\",\"valueRequired\":true,\"valueName\":\"search_term_string\"}}],\"inLanguage\":\"es\"},{\"@type\":\"Organization\",\"@id\":\"https:\/\/vilafames.org\/#organization\",\"name\":\"Web de l'Ajuntament de Vilafam\u00e9s\",\"url\":\"https:\/\/vilafames.org\/\",\"logo\":{\"@type\":\"ImageObject\",\"inLanguage\":\"es\",\"@id\":\"https:\/\/vilafames.org\/#\/schema\/logo\/image\/\",\"url\":\"https:\/\/vilafames.org\/wp-content\/uploads\/cropped-marca_v_rgb-1-1.png\",\"contentUrl\":\"https:\/\/vilafames.org\/wp-content\/uploads\/cropped-marca_v_rgb-1-1.png\",\"width\":558,\"height\":269,\"caption\":\"Web de l'Ajuntament de Vilafam\u00e9s\"},\"image\":{\"@id\":\"https:\/\/vilafames.org\/#\/schema\/logo\/image\/\"},\"sameAs\":[\"https:\/\/www.facebook.com\/AjuntamentVilafames\",\"https:\/\/x.com\/ajtvilafames\",\"https:\/\/www.instagram.com\/ajuntamentvilafames\/\",\"https:\/\/www.youtube.com\/channel\/UCjXWt3n8FHiahgKqHZWOTXQ\"]},{\"@type\":\"Person\",\"@id\":\"https:\/\/vilafames.org\/#\/schema\/person\/401579137df63da0da256a349addf0f0\",\"name\":\"vilafames\",\"url\":\"https:\/\/vilafames.org\/es\/author\/vilafames\/\"}]}<\/script>\n<!-- \/ Yoast SEO plugin. -->","yoast_head_json":{"title":"[:ca]L'ajuntament planteja a la Generalitat la millora dels accessos al pol\u00edgon[:es]El ayuntamiento plantea a la Generalitat la mejora de los accesos al pol\u00edgono[:] - Web de l&#039;Ajuntament de Vilafam\u00e9s","robots":{"index":"index","follow":"follow","max-snippet":"max-snippet:-1","max-image-preview":"max-image-preview:large","max-video-preview":"max-video-preview:-1"},"canonical":"https:\/\/vilafames.org\/vilafames-planteja-a-la-generalitat-la-millora-dels-accessos-al-poligon\/","og_locale":"es_ES","og_type":"article","og_title":"[:ca]L'ajuntament planteja a la Generalitat la millora dels accessos al pol\u00edgon[:es]El ayuntamiento plantea a la Generalitat la mejora de los accesos al pol\u00edgono[:] - Web de l&#039;Ajuntament de Vilafam\u00e9s","og_description":"Disculpa, pero esta entrada est\u00e1 disponible s\u00f3lo en Valenciano:, : y %.","og_url":"https:\/\/vilafames.org\/vilafames-planteja-a-la-generalitat-la-millora-dels-accessos-al-poligon\/","og_site_name":"Web de l&#039;Ajuntament de Vilafam\u00e9s","article_publisher":"https:\/\/www.facebook.com\/AjuntamentVilafames","article_published_time":"2016-12-28T10:09:40+00:00","article_modified_time":"2017-01-05T12:32:41+00:00","og_image":[{"width":800,"height":534,"url":"https:\/\/vilafames.org\/wp-content\/uploads\/AcessosPol\u00edgonVilafam\u00e9s.jpg","type":"image\/jpeg"}],"author":"vilafames","twitter_card":"summary_large_image","twitter_creator":"@ajtvilafames","twitter_site":"@ajtvilafames","twitter_misc":{"Escrito por":"vilafames","Tiempo de lectura":"2 minutos"},"schema":{"@context":"https:\/\/schema.org","@graph":[{"@type":"Article","@id":"https:\/\/vilafames.org\/vilafames-planteja-a-la-generalitat-la-millora-dels-accessos-al-poligon\/#article","isPartOf":{"@id":"https:\/\/vilafames.org\/vilafames-planteja-a-la-generalitat-la-millora-dels-accessos-al-poligon\/"},"author":{"name":"vilafames","@id":"https:\/\/vilafames.org\/#\/schema\/person\/401579137df63da0da256a349addf0f0"},"headline":"El ayuntamiento plantea a la Generalitat la mejora de los accesos al pol\u00edgono","datePublished":"2016-12-28T10:09:40+00:00","dateModified":"2017-01-05T12:32:41+00:00","mainEntityOfPage":{"@id":"https:\/\/vilafames.org\/vilafames-planteja-a-la-generalitat-la-millora-dels-accessos-al-poligon\/"},"wordCount":377,"commentCount":0,"publisher":{"@id":"https:\/\/vilafames.org\/#organization"},"image":{"@id":"https:\/\/vilafames.org\/vilafames-planteja-a-la-generalitat-la-millora-dels-accessos-al-poligon\/#primaryimage"},"thumbnailUrl":"https:\/\/vilafames.org\/wp-content\/uploads\/AcessosPol\u00edgonVilafam\u00e9s.jpg","keywords":["Abel Ib\u00e1\u00f1ez.","Adolf Sanmart\u00ed","Ajuntament de Vilafam\u00e9s","alcalde de Vilafam\u00e9s","alcaldes de la comarca de la Plana Alta","Ayuntamiento de Vilafam\u00e9s","comarca de La Plana Alta","construcci\u00f3 d'un aparcament","construcci\u00f3n de un aparcamiento","director territorial de Presid\u00e8ncia","estiu","Generalitat Valenciana","jornadas gastron\u00f3micas","jornades gastron\u00f2miques","nous accessos al pol\u00edgon","nuevos accesos al pol\u00edgono","Semana Santa","Setmana Santa","turistas","turistes","verano","Vilafam\u00e9s 1900"],"articleSection":["Noticias"],"inLanguage":"es","potentialAction":[{"@type":"CommentAction","name":"Comment","target":["https:\/\/vilafames.org\/vilafames-planteja-a-la-generalitat-la-millora-dels-accessos-al-poligon\/#respond"]}]},{"@type":"WebPage","@id":"https:\/\/vilafames.org\/vilafames-planteja-a-la-generalitat-la-millora-dels-accessos-al-poligon\/","url":"https:\/\/vilafames.org\/vilafames-planteja-a-la-generalitat-la-millora-dels-accessos-al-poligon\/","name":"[:ca]L'ajuntament planteja a la Generalitat la millora dels accessos al pol\u00edgon[:es]El ayuntamiento plantea a la Generalitat la mejora de los accesos al pol\u00edgono[:] - Web de l&#039;Ajuntament de Vilafam\u00e9s","isPartOf":{"@id":"https:\/\/vilafames.org\/#website"},"primaryImageOfPage":{"@id":"https:\/\/vilafames.org\/vilafames-planteja-a-la-generalitat-la-millora-dels-accessos-al-poligon\/#primaryimage"},"image":{"@id":"https:\/\/vilafames.org\/vilafames-planteja-a-la-generalitat-la-millora-dels-accessos-al-poligon\/#primaryimage"},"thumbnailUrl":"https:\/\/vilafames.org\/wp-content\/uploads\/AcessosPol\u00edgonVilafam\u00e9s.jpg","datePublished":"2016-12-28T10:09:40+00:00","dateModified":"2017-01-05T12:32:41+00:00","breadcrumb":{"@id":"https:\/\/vilafames.org\/vilafames-planteja-a-la-generalitat-la-millora-dels-accessos-al-poligon\/#breadcrumb"},"inLanguage":"es","potentialAction":[{"@type":"ReadAction","target":["https:\/\/vilafames.org\/vilafames-planteja-a-la-generalitat-la-millora-dels-accessos-al-poligon\/"]}]},{"@type":"ImageObject","inLanguage":"es","@id":"https:\/\/vilafames.org\/vilafames-planteja-a-la-generalitat-la-millora-dels-accessos-al-poligon\/#primaryimage","url":"https:\/\/vilafames.org\/wp-content\/uploads\/AcessosPol\u00edgonVilafam\u00e9s.jpg","contentUrl":"https:\/\/vilafames.org\/wp-content\/uploads\/AcessosPol\u00edgonVilafam\u00e9s.jpg","width":800,"height":534,"caption":"Accessos al pol\u00edgon de Vilafam\u00e9s"},{"@type":"BreadcrumbList","@id":"https:\/\/vilafames.org\/vilafames-planteja-a-la-generalitat-la-millora-dels-accessos-al-poligon\/#breadcrumb","itemListElement":[{"@type":"ListItem","position":1,"name":"Inici","item":"https:\/\/vilafames.org\/"},{"@type":"ListItem","position":2,"name":"L&#8217;ajuntament planteja a la Generalitat la millora dels accessos al pol\u00edgon"}]},{"@type":"WebSite","@id":"https:\/\/vilafames.org\/#website","url":"https:\/\/vilafames.org\/","name":"Web de l'Ajuntament de Vilafam\u00e9s","description":"Web de l&#039;Ajuntament de Vilafam\u00e9s","publisher":{"@id":"https:\/\/vilafames.org\/#organization"},"potentialAction":[{"@type":"SearchAction","target":{"@type":"EntryPoint","urlTemplate":"https:\/\/vilafames.org\/?s={search_term_string}"},"query-input":{"@type":"PropertyValueSpecification","valueRequired":true,"valueName":"search_term_string"}}],"inLanguage":"es"},{"@type":"Organization","@id":"https:\/\/vilafames.org\/#organization","name":"Web de l'Ajuntament de Vilafam\u00e9s","url":"https:\/\/vilafames.org\/","logo":{"@type":"ImageObject","inLanguage":"es","@id":"https:\/\/vilafames.org\/#\/schema\/logo\/image\/","url":"https:\/\/vilafames.org\/wp-content\/uploads\/cropped-marca_v_rgb-1-1.png","contentUrl":"https:\/\/vilafames.org\/wp-content\/uploads\/cropped-marca_v_rgb-1-1.png","width":558,"height":269,"caption":"Web de l'Ajuntament de Vilafam\u00e9s"},"image":{"@id":"https:\/\/vilafames.org\/#\/schema\/logo\/image\/"},"sameAs":["https:\/\/www.facebook.com\/AjuntamentVilafames","https:\/\/x.com\/ajtvilafames","https:\/\/www.instagram.com\/ajuntamentvilafames\/","https:\/\/www.youtube.com\/channel\/UCjXWt3n8FHiahgKqHZWOTXQ"]},{"@type":"Person","@id":"https:\/\/vilafames.org\/#\/schema\/person\/401579137df63da0da256a349addf0f0","name":"vilafames","url":"https:\/\/vilafames.org\/es\/author\/vilafames\/"}]}},"_links":{"self":[{"href":"https:\/\/vilafames.org\/es\/wp-json\/wp\/v2\/posts\/1234","targetHints":{"allow":["GET"]}}],"collection":[{"href":"https:\/\/vilafames.org\/es\/wp-json\/wp\/v2\/posts"}],"about":[{"href":"https:\/\/vilafames.org\/es\/wp-json\/wp\/v2\/types\/post"}],"author":[{"embeddable":true,"href":"https:\/\/vilafames.org\/es\/wp-json\/wp\/v2\/users\/3"}],"replies":[{"embeddable":true,"href":"https:\/\/vilafames.org\/es\/wp-json\/wp\/v2\/comments?post=1234"}],"version-history":[{"count":0,"href":"https:\/\/vilafames.org\/es\/wp-json\/wp\/v2\/posts\/1234\/revisions"}],"wp:featuredmedia":[{"embeddable":true,"href":"https:\/\/vilafames.org\/es\/wp-json\/wp\/v2\/media\/1237"}],"wp:attachment":[{"href":"https:\/\/vilafames.org\/es\/wp-json\/wp\/v2\/media?parent=1234"}],"wp:term":[{"taxonomy":"category","embeddable":true,"href":"https:\/\/vilafames.org\/es\/wp-json\/wp\/v2\/categories?post=1234"},{"taxonomy":"post_tag","embeddable":true,"href":"https:\/\/vilafames.org\/es\/wp-json\/wp\/v2\/tags?post=1234"}],"curies":[{"name":"wp","href":"https:\/\/api.w.org\/{rel}","templated":true}]}}